{"id":7916,"date":"2023-04-06T13:35:29","date_gmt":"2023-04-06T12:35:29","guid":{"rendered":"https:\/\/paroisse-notredame-sannedolon.fr\/?p=7916"},"modified":"2023-04-06T13:51:49","modified_gmt":"2023-04-06T12:51:49","slug":"marche-des-rameaux-2","status":"publish","type":"post","link":"https:\/\/paroisse-notredame-sannedolon.fr\/index.php\/2023\/04\/06\/marche-des-rameaux-2\/","title":{"rendered":"Marche des Rameaux"},"content":{"rendered":"\n<p class=\"has-medium-font-size\"><em>Des nouvelles de la journ\u00e9e-marche du samedi des Rameaux. Tout d&rsquo;abord merci \u00e0 tous, de nous avoir aider : en participant, en nous soutenant par la pri\u00e8re&#8230;&nbsp;<\/em><\/p>\n\n\n\n<p> <\/p>\n\n\n\n<p><\/p>\n\n\n\n<div class=\"wp-block-image\"><figure class=\"aligncenter size-large\"><img fetchpriority=\"high\" decoding=\"async\" width=\"1024\" height=\"685\" data-attachment-id=\"7917\" data-permalink=\"https:\/\/paroisse-notredame-sannedolon.fr\/dsc_0909\/\" data-orig-file=\"https:\/\/paroisse-notredame-sannedolon.fr\/mypress\/wp-content\/uploads\/2023\/04\/DSC_0909-scaled-e1680784091729.jpg\" data-orig-size=\"1200,803\" data-comments-opened=\"1\" data-image-meta=\"{&quot;aperture&quot;:&quot;3.5&quot;,&quot;credit&quot;:&quot;&quot;,&quot;camera&quot;:&quot;NIKON D60&quot;,&quot;caption&quot;:&quot;&quot;,&quot;created_timestamp&quot;:&quot;1680342459&quot;,&quot;copyright&quot;:&quot;&quot;,&quot;focal_length&quot;:&quot;18&quot;,&quot;iso&quot;:&quot;200&quot;,&quot;shutter_speed&quot;:&quot;0.016666666666667&quot;,&quot;title&quot;:&quot;&quot;,&quot;orientation&quot;:&quot;1&quot;}\" data-image-title=\"DSC_0909\" data-image-description=\"\" data-image-caption=\"\" data-large-file=\"https:\/\/paroisse-notredame-sannedolon.fr\/mypress\/wp-content\/uploads\/2023\/04\/DSC_0909-1024x685.jpg\" src=\"https:\/\/paroisse-notredame-sannedolon.fr\/mypress\/wp-content\/uploads\/2023\/04\/DSC_0909-1024x685.jpg\" alt=\"\" class=\"wp-image-7917\"\/><\/figure><\/div>\n\n\n\n<p><\/p>\n\n\n\n<p><\/p>\n\n\n\n<pre class=\"wp-block-preformatted has-medium-font-size\"><em>Nous \u00e9tions un groupe de 50 personnes, d'1 mois et demi \u00e0 85 ans. Nous avons pu marcher sans une goutte de pluie,&nbsp;\u00e0 travers les alentours d'Auberives.&nbsp;<\/em><\/pre>\n\n\n\n<figure class=\"wp-block-gallery columns-3 is-cropped wp-block-gallery-1 is-layout-flex wp-block-gallery-is-layout-flex\"><ul class=\"blocks-gallery-grid\"><li class=\"blocks-gallery-item\"><figure><img decoding=\"async\" width=\"1024\" height=\"685\" data-attachment-id=\"7924\" data-permalink=\"https:\/\/paroisse-notredame-sannedolon.fr\/dsc_0923\/\" data-orig-file=\"https:\/\/paroisse-notredame-sannedolon.fr\/mypress\/wp-content\/uploads\/2023\/04\/DSC_0923-scaled-e1680784343424.jpg\" data-orig-size=\"1200,803\" data-comments-opened=\"1\" data-image-meta=\"{&quot;aperture&quot;:&quot;7.1&quot;,&quot;credit&quot;:&quot;&quot;,&quot;camera&quot;:&quot;NIKON D60&quot;,&quot;caption&quot;:&quot;&quot;,&quot;created_timestamp&quot;:&quot;1680349874&quot;,&quot;copyright&quot;:&quot;&quot;,&quot;focal_length&quot;:&quot;18&quot;,&quot;iso&quot;:&quot;100&quot;,&quot;shutter_speed&quot;:&quot;0.005&quot;,&quot;title&quot;:&quot;&quot;,&quot;orientation&quot;:&quot;1&quot;}\" data-image-title=\"DSC_0923\" data-image-description=\"\" data-image-caption=\"\" data-large-file=\"https:\/\/paroisse-notredame-sannedolon.fr\/mypress\/wp-content\/uploads\/2023\/04\/DSC_0923-1024x685.jpg\" src=\"https:\/\/paroisse-notredame-sannedolon.fr\/mypress\/wp-content\/uploads\/2023\/04\/DSC_0923-1024x685.jpg\" alt=\"\" data-id=\"7924\" data-full-url=\"https:\/\/paroisse-notredame-sannedolon.fr\/mypress\/wp-content\/uploads\/2023\/04\/DSC_0923-scaled-e1680784343424.jpg\" data-link=\"https:\/\/paroisse-notredame-sannedolon.fr\/mypress\/dsc_0923\/\" class=\"wp-image-7924\"\/><\/figure><\/li><li class=\"blocks-gallery-item\"><figure><img decoding=\"async\" width=\"1024\" height=\"685\" data-attachment-id=\"7919\" data-permalink=\"https:\/\/paroisse-notredame-sannedolon.fr\/dsc_0920\/\" data-orig-file=\"https:\/\/paroisse-notredame-sannedolon.fr\/mypress\/wp-content\/uploads\/2023\/04\/DSC_0920-scaled-e1680784251792.jpg\" data-orig-size=\"1200,803\" data-comments-opened=\"1\" data-image-meta=\"{&quot;aperture&quot;:&quot;5.6&quot;,&quot;credit&quot;:&quot;&quot;,&quot;camera&quot;:&quot;NIKON D60&quot;,&quot;caption&quot;:&quot;&quot;,&quot;created_timestamp&quot;:&quot;1680346717&quot;,&quot;copyright&quot;:&quot;&quot;,&quot;focal_length&quot;:&quot;22&quot;,&quot;iso&quot;:&quot;140&quot;,&quot;shutter_speed&quot;:&quot;0.008&quot;,&quot;title&quot;:&quot;&quot;,&quot;orientation&quot;:&quot;1&quot;}\" data-image-title=\"DSC_0920\" data-image-description=\"\" data-image-caption=\"\" data-large-file=\"https:\/\/paroisse-notredame-sannedolon.fr\/mypress\/wp-content\/uploads\/2023\/04\/DSC_0920-1024x685.jpg\" src=\"https:\/\/paroisse-notredame-sannedolon.fr\/mypress\/wp-content\/uploads\/2023\/04\/DSC_0920-1024x685.jpg\" alt=\"\" data-id=\"7919\" data-full-url=\"https:\/\/paroisse-notredame-sannedolon.fr\/mypress\/wp-content\/uploads\/2023\/04\/DSC_0920-scaled-e1680784251792.jpg\" data-link=\"https:\/\/paroisse-notredame-sannedolon.fr\/mypress\/dsc_0920\/\" class=\"wp-image-7919\"\/><\/figure><\/li><li class=\"blocks-gallery-item\"><figure><img loading=\"lazy\" decoding=\"async\" width=\"1024\" height=\"685\" data-attachment-id=\"7918\" data-permalink=\"https:\/\/paroisse-notredame-sannedolon.fr\/dsc_0915\/\" data-orig-file=\"https:\/\/paroisse-notredame-sannedolon.fr\/mypress\/wp-content\/uploads\/2023\/04\/DSC_0915-scaled-e1680784228633.jpg\" data-orig-size=\"1200,803\" data-comments-opened=\"1\" data-image-meta=\"{&quot;aperture&quot;:&quot;7.1&quot;,&quot;credit&quot;:&quot;&quot;,&quot;camera&quot;:&quot;NIKON D60&quot;,&quot;caption&quot;:&quot;&quot;,&quot;created_timestamp&quot;:&quot;1680345582&quot;,&quot;copyright&quot;:&quot;&quot;,&quot;focal_length&quot;:&quot;18&quot;,&quot;iso&quot;:&quot;100&quot;,&quot;shutter_speed&quot;:&quot;0.005&quot;,&quot;title&quot;:&quot;&quot;,&quot;orientation&quot;:&quot;1&quot;}\" data-image-title=\"DSC_0915\" data-image-description=\"\" data-image-caption=\"\" data-large-file=\"https:\/\/paroisse-notredame-sannedolon.fr\/mypress\/wp-content\/uploads\/2023\/04\/DSC_0915-1024x685.jpg\" src=\"https:\/\/paroisse-notredame-sannedolon.fr\/mypress\/wp-content\/uploads\/2023\/04\/DSC_0915-1024x685.jpg\" alt=\"\" data-id=\"7918\" data-full-url=\"https:\/\/paroisse-notredame-sannedolon.fr\/mypress\/wp-content\/uploads\/2023\/04\/DSC_0915-scaled-e1680784228633.jpg\" data-link=\"https:\/\/paroisse-notredame-sannedolon.fr\/mypress\/dsc_0915\/\" class=\"wp-image-7918\"\/><\/figure><\/li><\/ul><\/figure>\n\n\n\n<pre class=\"wp-block-preformatted has-medium-font-size\"><em>Apr\u00e8s le pique-nique, le groupe a diminu\u00e9 mais cela n'a pas emp\u00each\u00e9 la croix, port\u00e9e le matin pendant la marche, de devenir croix de r\u00e9surrection en se fleurissant l'apr\u00e8s-midi. Vous pouvez encore la voir, \u00e0 l'\u00e9glise de St Clair, cette semaine tant que les fleurs tiendront.<\/em><\/pre>\n\n\n\n<figure class=\"wp-block-gallery columns-2 is-cropped wp-block-gallery-2 is-layout-flex wp-block-gallery-is-layout-flex\"><ul class=\"blocks-gallery-grid\"><li class=\"blocks-gallery-item\"><figure><img loading=\"lazy\" decoding=\"async\" width=\"1024\" height=\"685\" data-attachment-id=\"7921\" data-permalink=\"https:\/\/paroisse-notredame-sannedolon.fr\/dsc_0925\/\" data-orig-file=\"https:\/\/paroisse-notredame-sannedolon.fr\/mypress\/wp-content\/uploads\/2023\/04\/DSC_0925-scaled-e1680784289167.jpg\" data-orig-size=\"1200,803\" data-comments-opened=\"1\" data-image-meta=\"{&quot;aperture&quot;:&quot;4.2&quot;,&quot;credit&quot;:&quot;&quot;,&quot;camera&quot;:&quot;NIKON D60&quot;,&quot;caption&quot;:&quot;&quot;,&quot;created_timestamp&quot;:&quot;1680353250&quot;,&quot;copyright&quot;:&quot;&quot;,&quot;focal_length&quot;:&quot;24&quot;,&quot;iso&quot;:&quot;200&quot;,&quot;shutter_speed&quot;:&quot;0.02&quot;,&quot;title&quot;:&quot;&quot;,&quot;orientation&quot;:&quot;1&quot;}\" data-image-title=\"DSC_0925\" data-image-description=\"\" data-image-caption=\"\" data-large-file=\"https:\/\/paroisse-notredame-sannedolon.fr\/mypress\/wp-content\/uploads\/2023\/04\/DSC_0925-1024x685.jpg\" src=\"https:\/\/paroisse-notredame-sannedolon.fr\/mypress\/wp-content\/uploads\/2023\/04\/DSC_0925-1024x685.jpg\" alt=\"\" data-id=\"7921\" data-full-url=\"https:\/\/paroisse-notredame-sannedolon.fr\/mypress\/wp-content\/uploads\/2023\/04\/DSC_0925-scaled-e1680784289167.jpg\" data-link=\"https:\/\/paroisse-notredame-sannedolon.fr\/mypress\/dsc_0925\/\" class=\"wp-image-7921\"\/><\/figure><\/li><li class=\"blocks-gallery-item\"><figure><img loading=\"lazy\" decoding=\"async\" width=\"1024\" height=\"685\" data-attachment-id=\"7922\" data-permalink=\"https:\/\/paroisse-notredame-sannedolon.fr\/dsc_0929\/\" data-orig-file=\"https:\/\/paroisse-notredame-sannedolon.fr\/mypress\/wp-content\/uploads\/2023\/04\/DSC_0929-scaled-e1680784314497.jpg\" data-orig-size=\"1200,803\" data-comments-opened=\"1\" data-image-meta=\"{&quot;aperture&quot;:&quot;5.3&quot;,&quot;credit&quot;:&quot;&quot;,&quot;camera&quot;:&quot;NIKON D60&quot;,&quot;caption&quot;:&quot;&quot;,&quot;created_timestamp&quot;:&quot;1680364286&quot;,&quot;copyright&quot;:&quot;&quot;,&quot;focal_length&quot;:&quot;36&quot;,&quot;iso&quot;:&quot;450&quot;,&quot;shutter_speed&quot;:&quot;0.016666666666667&quot;,&quot;title&quot;:&quot;&quot;,&quot;orientation&quot;:&quot;1&quot;}\" data-image-title=\"DSC_0929\" data-image-description=\"\" data-image-caption=\"\" data-large-file=\"https:\/\/paroisse-notredame-sannedolon.fr\/mypress\/wp-content\/uploads\/2023\/04\/DSC_0929-1024x685.jpg\" src=\"https:\/\/paroisse-notredame-sannedolon.fr\/mypress\/wp-content\/uploads\/2023\/04\/DSC_0929-1024x685.jpg\" alt=\"\" data-id=\"7922\" data-full-url=\"https:\/\/paroisse-notredame-sannedolon.fr\/mypress\/wp-content\/uploads\/2023\/04\/DSC_0929-scaled-e1680784314497.jpg\" data-link=\"https:\/\/paroisse-notredame-sannedolon.fr\/mypress\/dsc_0929\/\" class=\"wp-image-7922\"\/><\/figure><\/li><\/ul><\/figure>\n\n\n\n<pre class=\"wp-block-preformatted has-medium-font-size\"><em>Les enfants se sont impr\u00e9gn\u00e9s de l'\u00e9vangile de l'entr\u00e9e de J\u00e9sus \u00e0 J\u00e9rusalem. et avec les parents, tous, l'ont redonn\u00e9 \u00e0 l'aide de gestes, lors de la messe.<\/em><\/pre>\n\n\n\n<figure class=\"wp-block-image size-large\"><img loading=\"lazy\" decoding=\"async\" width=\"1024\" height=\"685\" data-attachment-id=\"7923\" data-permalink=\"https:\/\/paroisse-notredame-sannedolon.fr\/dsc_0931\/\" data-orig-file=\"https:\/\/paroisse-notredame-sannedolon.fr\/mypress\/wp-content\/uploads\/2023\/04\/DSC_0931-scaled-e1680784327663.jpg\" data-orig-size=\"1200,803\" data-comments-opened=\"1\" data-image-meta=\"{&quot;aperture&quot;:&quot;5.6&quot;,&quot;credit&quot;:&quot;&quot;,&quot;camera&quot;:&quot;NIKON D60&quot;,&quot;caption&quot;:&quot;&quot;,&quot;created_timestamp&quot;:&quot;1680365035&quot;,&quot;copyright&quot;:&quot;&quot;,&quot;focal_length&quot;:&quot;22&quot;,&quot;iso&quot;:&quot;125&quot;,&quot;shutter_speed&quot;:&quot;0.008&quot;,&quot;title&quot;:&quot;&quot;,&quot;orientation&quot;:&quot;1&quot;}\" data-image-title=\"DSC_0931\" data-image-description=\"\" data-image-caption=\"\" data-large-file=\"https:\/\/paroisse-notredame-sannedolon.fr\/mypress\/wp-content\/uploads\/2023\/04\/DSC_0931-1024x685.jpg\" src=\"https:\/\/paroisse-notredame-sannedolon.fr\/mypress\/wp-content\/uploads\/2023\/04\/DSC_0931-1024x685.jpg\" alt=\"\" class=\"wp-image-7923\"\/><\/figure>\n\n\n\n<pre class=\"wp-block-preformatted has-medium-font-size\"><em>Merci aux photographes.<\/em>\n<em>Bon dimanche des Rameaux et bonne entr\u00e9e en semaine sainte \u00e0 tous\u00a0\u00bb<\/em>\n<em>Pour l'\u00e9quipe Marie-Reine<\/em><\/pre>\n","protected":false},"excerpt":{"rendered":"<p>Nous \u00e9tions un groupe de 50 personnes, d&rsquo;1 mois et demi \u00e0 85 ans. Nous avons pu marcher sans une goutte de pluie,&nbsp;\u00e0 travers les alentours d&rsquo;Auberives.&nbsp; Apr\u00e8s le pique-nique, le groupe a diminu\u00e9 mais cela n&rsquo;a pas emp\u00each\u00e9 la croix, port\u00e9e le matin pendant la marche, de devenir croix \u2026 <a class=\"continue-reading-link\" href=\"https:\/\/paroisse-notredame-sannedolon.fr\/index.php\/2023\/04\/06\/marche-des-rameaux-2\/\">Lire la suite <span class=\"meta-nav\">&rarr; <\/span><\/a><\/p>\n","protected":false},"author":1,"featured_media":0,"comment_status":"open","ping_status":"open","sticky":false,"template":"","format":"standard","meta":{"jetpack_post_was_ever_published":false,"_jetpack_newsletter_access":"","_jetpack_dont_email_post_to_subs":false,"_jetpack_newsletter_tier_id":0,"_jetpack_memberships_contains_paywalled_content":false,"_jetpack_memberships_contains_paid_content":false,"footnotes":"","jetpack_publicize_message":"","jetpack_publicize_feature_enabled":true,"jetpack_social_post_already_shared":true,"jetpack_social_options":{"image_generator_settings":{"template":"highway","default_image_id":0,"font":"","enabled":false},"version":2}},"categories":[1],"tags":[],"class_list":["post-7916","post","type-post","status-publish","format-standard","hentry","category-non-classe"],"jetpack_publicize_connections":[],"jetpack_featured_media_url":"","jetpack_sharing_enabled":true,"jetpack_shortlink":"https:\/\/wp.me\/p7rrt2-23G","_links":{"self":[{"href":"https:\/\/paroisse-notredame-sannedolon.fr\/index.php\/wp-json\/wp\/v2\/posts\/7916","targetHints":{"allow":["GET"]}}],"collection":[{"href":"https:\/\/paroisse-notredame-sannedolon.fr\/index.php\/wp-json\/wp\/v2\/posts"}],"about":[{"href":"https:\/\/paroisse-notredame-sannedolon.fr\/index.php\/wp-json\/wp\/v2\/types\/post"}],"author":[{"embeddable":true,"href":"https:\/\/paroisse-notredame-sannedolon.fr\/index.php\/wp-json\/wp\/v2\/users\/1"}],"replies":[{"embeddable":true,"href":"https:\/\/paroisse-notredame-sannedolon.fr\/index.php\/wp-json\/wp\/v2\/comments?post=7916"}],"version-history":[{"count":15,"href":"https:\/\/paroisse-notredame-sannedolon.fr\/index.php\/wp-json\/wp\/v2\/posts\/7916\/revisions"}],"predecessor-version":[{"id":7944,"href":"https:\/\/paroisse-notredame-sannedolon.fr\/index.php\/wp-json\/wp\/v2\/posts\/7916\/revisions\/7944"}],"wp:attachment":[{"href":"https:\/\/paroisse-notredame-sannedolon.fr\/index.php\/wp-json\/wp\/v2\/media?parent=7916"}],"wp:term":[{"taxonomy":"category","embeddable":true,"href":"https:\/\/paroisse-notredame-sannedolon.fr\/index.php\/wp-json\/wp\/v2\/categories?post=7916"},{"taxonomy":"post_tag","embeddable":true,"href":"https:\/\/paroisse-notredame-sannedolon.fr\/index.php\/wp-json\/wp\/v2\/tags?post=7916"}],"curies":[{"name":"wp","href":"https:\/\/api.w.org\/{rel}","templated":true}]}}