{"id":7127,"date":"2022-05-02T13:07:27","date_gmt":"2022-05-02T12:07:27","guid":{"rendered":"https:\/\/paroisse-notredame-sannedolon.fr\/?p=7127"},"modified":"2022-05-02T13:08:26","modified_gmt":"2022-05-02T12:08:26","slug":"3eme-dimanche-de-paques-c","status":"publish","type":"post","link":"https:\/\/paroisse-notredame-sannedolon.fr\/index.php\/2022\/05\/02\/3eme-dimanche-de-paques-c\/","title":{"rendered":"3\u00e8me dimanche de P\u00e2ques C"},"content":{"rendered":"\n<p class=\"has-medium-font-size\">Fr\u00e8res et s\u0153urs, nous voici, en ce temps pascal, \u00e0 p\u00e8leriner, dimanche apr\u00e8s dimanche \u00e0 la rencontre du ressuscit\u00e9. Aujourd\u2019hui, c\u2019est au bord d\u2019un lac qu\u2019il nous donne rendez-vous avec ses disciples. Hier c\u2019\u00e9tait sur un chemin, ou dans une maison verrouill\u00e9e\u2026 Mais c\u2019est toujours lui, que les disciples ont pourtant tant de mal \u00e0 reconnaitre\u2026<br>Deux enseignements de premier ordre sont donc \u00e0 retenir en compagnie du Christ ressuscit\u00e9 : le premier vaut aussi -et je dirai surtout !- pour notre vie qui nous attend apr\u00e8s le d\u00e9part de ce monde. Nous allons proclamer dans le Credo, \u00ab Je crois en la r\u00e9surrection de la chair \u00bb Nous pouvons avoir du mal \u00e0 imaginer cette r\u00e9surrection, tant cela nous para\u00eet \u00e9loign\u00e9 de la r\u00e9alit\u00e9 de la mort. Alors la rencontre des ap\u00f4tres avec leur ma\u00eetre dans les jours et semaines qui suivent la r\u00e9surrection sont \u00e0 lire avec attention, d\u2019autant que Jean, aujourd\u2019hui, mais aussi Mattieu, Luc et Marc, disent tous quatre la m\u00eame chose : Les ap\u00f4tres ne reconnaissent pas le Christ avec lequel ils ont v\u00e9cu pendant 3 ans, son physique n\u2019\u00e9tait donc plus le m\u00eame. Et en m\u00eame temps, il se laisse toucher, et il mange m\u00eame avec eux. Il apparait et disparait d\u2019une fa\u00e7on incompr\u00e9hensible pour un vivant.<br>Ce corps de ressuscit\u00e9 n\u2019est donc plus de ce monde ; il n\u2019ob\u00e9it plus aux r\u00e8gles de la vie sur terre, qui sont ins\u00e9parablement li\u00e9es -et la science nous le dit- au temps, \u00e0 l\u2019espace et \u00e0 la mati\u00e8re. Toute r\u00e9alit\u00e9 dans ce monde est en effet prisonni\u00e8re du temps et de l\u2019espace, et n\u2019existe que par la mati\u00e8re. Ce corps du ressuscit\u00e9 est donc en dehors de cette r\u00e9alit\u00e9. Comme Dieu, qui a une r\u00e9alit\u00e9 non spatiale, non temporelle et non mat\u00e9rielle. Et comme nos d\u00e9funts. Il revient donc au Christ de donner des preuves apr\u00e8s sa r\u00e9surrection ; il est fils de Dieu, \u00e0 lui les miracles et les preuves pour solidifier la foi, pour la \u00ab coller \u00bb \u00e0 ses ap\u00f4tres.<br>Mais, -et c\u2019est le deuxi\u00e8me enseignement-, toute preuve qu\u2019apporte le Christ \u00e0 ses ap\u00f4tres n\u2019est pourtant pas suffisante pour donner la foi. Car la foi n\u2019est pas de l\u2019ordre de la d\u00e9monstration ou de la logique. Elle ne vient pas par la preuve. Non, <em>elle est une rencontre<\/em>, une rencontre avec le Christ, comme l\u2019exp\u00e9rimentent les ap\u00f4tres dans l\u2019\u00e9vangile\u00a0; et une rencontre qui se fait, dans le don, et dans l\u2019amour. Et c\u2019est ainsi que le Christ, dans ce m\u00eame \u00e9vangile, apr\u00e8s avoir pris quantit\u00e9 de poissons leur donne du pain. Donner, quel beau verbe\u00a0! Et peu apr\u00e8s, il questionne Pierre, en lui demandant si il l\u2018aime. Et il faudra que la question lui soit pos\u00e9e trois fois, pour qu\u2019il prenne conscience que la foi, c\u2019est l\u2019amour et le don de la personne.<br>Ainsi, le Christ va-t-il b\u00e2tir son \u00c9glise sur celui qui l\u2019avait reni\u00e9 trois fois. Et m\u00eame si, dans l\u2019histoire qui se d\u00e9roule jusqu\u2019\u00e0 nos jours, certains de ses membres vont le renier encore et encore, l\u2019\u00e9preuve de v\u00e9rit\u00e9 devant la face du Christ qui demande l\u2019amour et le don est in\u00e9vitable. D\u2019ailleurs, l\u2019amour et le don d\u00e9passent ce que l\u2019on peut attendre des normes \u00e9tablies dans ce monde pour ceux qui font autorit\u00e9. Si Pierre est choisi par le Christ pour devenir le roc sur lequel celui-ci veut \u00e9difier son \u00c9glise, ce n\u2019est pas en raison de ses qualit\u00e9s d\u2019organisateur, de visionnaire ou de tribun. Il est \u00e9tabli Berger des brebis parce qu\u2019il est capable de r\u00e9pondre \u00e0 J\u00e9sus, qu\u2019il a pourtant trahi au moment de la passion : \u00ab \u2026Tu sais bien Seigneur que je t\u2019aime \u00bb. L\u00e0 est le secret de la foi. Et au-del\u00e0 de nos p\u00e9ch\u00e9s, l\u00e0 est notre v\u00e9ritable force ; l\u00e0 est la s\u00e8ve qui nous nourrit.<br>Fr\u00e8res et s\u0153urs, aujourd\u2019hui comme il y a 2000 ans, le Christ nous propose l\u2019amour et le don. Ne nous privons pas de les donner au monde. La foi n\u2019est que jeunesse !<br>Thierry Merle Diacre<\/p>\n","protected":false},"excerpt":{"rendered":"<p>Fr\u00e8res et s\u0153urs, nous voici, en ce temps pascal, \u00e0 p\u00e8leriner, dimanche apr\u00e8s dimanche \u00e0 la rencontre du ressuscit\u00e9. Aujourd\u2019hui, c\u2019est au bord d\u2019un lac qu\u2019il nous donne rendez-vous avec ses disciples. Hier c\u2019\u00e9tait sur un chemin, ou dans une maison verrouill\u00e9e\u2026 Mais c\u2019est toujours lui, que les disciples ont \u2026 <a class=\"continue-reading-link\" href=\"https:\/\/paroisse-notredame-sannedolon.fr\/index.php\/2022\/05\/02\/3eme-dimanche-de-paques-c\/\">Lire la suite <span class=\"meta-nav\">&rarr; <\/span><\/a><\/p>\n","protected":false},"author":1,"featured_media":5360,"comment_status":"open","ping_status":"open","sticky":false,"template":"","format":"standard","meta":{"jetpack_post_was_ever_published":false,"_jetpack_newsletter_access":"","_jetpack_dont_email_post_to_subs":false,"_jetpack_newsletter_tier_id":0,"_jetpack_memberships_contains_paywalled_content":false,"_jetpack_memberships_contains_paid_content":false,"footnotes":"","jetpack_publicize_message":"","jetpack_publicize_feature_enabled":true,"jetpack_social_post_already_shared":true,"jetpack_social_options":{"image_generator_settings":{"template":"highway","default_image_id":0,"font":"","enabled":false},"version":2}},"categories":[15],"tags":[],"class_list":["post-7127","post","type-post","status-publish","format-standard","has-post-thumbnail","hentry","category-homelie"],"jetpack_publicize_connections":[],"jetpack_featured_media_url":"https:\/\/paroisse-notredame-sannedolon.fr\/mypress\/wp-content\/uploads\/2020\/04\/Biblr.jpg","jetpack_sharing_enabled":true,"jetpack_shortlink":"https:\/\/wp.me\/p7rrt2-1QX","_links":{"self":[{"href":"https:\/\/paroisse-notredame-sannedolon.fr\/index.php\/wp-json\/wp\/v2\/posts\/7127","targetHints":{"allow":["GET"]}}],"collection":[{"href":"https:\/\/paroisse-notredame-sannedolon.fr\/index.php\/wp-json\/wp\/v2\/posts"}],"about":[{"href":"https:\/\/paroisse-notredame-sannedolon.fr\/index.php\/wp-json\/wp\/v2\/types\/post"}],"author":[{"embeddable":true,"href":"https:\/\/paroisse-notredame-sannedolon.fr\/index.php\/wp-json\/wp\/v2\/users\/1"}],"replies":[{"embeddable":true,"href":"https:\/\/paroisse-notredame-sannedolon.fr\/index.php\/wp-json\/wp\/v2\/comments?post=7127"}],"version-history":[{"count":1,"href":"https:\/\/paroisse-notredame-sannedolon.fr\/index.php\/wp-json\/wp\/v2\/posts\/7127\/revisions"}],"predecessor-version":[{"id":7128,"href":"https:\/\/paroisse-notredame-sannedolon.fr\/index.php\/wp-json\/wp\/v2\/posts\/7127\/revisions\/7128"}],"wp:featuredmedia":[{"embeddable":true,"href":"https:\/\/paroisse-notredame-sannedolon.fr\/index.php\/wp-json\/wp\/v2\/media\/5360"}],"wp:attachment":[{"href":"https:\/\/paroisse-notredame-sannedolon.fr\/index.php\/wp-json\/wp\/v2\/media?parent=7127"}],"wp:term":[{"taxonomy":"category","embeddable":true,"href":"https:\/\/paroisse-notredame-sannedolon.fr\/index.php\/wp-json\/wp\/v2\/categories?post=7127"},{"taxonomy":"post_tag","embeddable":true,"href":"https:\/\/paroisse-notredame-sannedolon.fr\/index.php\/wp-json\/wp\/v2\/tags?post=7127"}],"curies":[{"name":"wp","href":"https:\/\/api.w.org\/{rel}","templated":true}]}}