{"id":6717,"date":"2021-10-14T13:48:50","date_gmt":"2021-10-14T12:48:50","guid":{"rendered":"https:\/\/paroisse-notredame-sannedolon.fr\/?p=6717"},"modified":"2022-11-10T14:21:18","modified_gmt":"2022-11-10T13:21:18","slug":"a-propos-du-rapport-de-la-ciase","status":"publish","type":"post","link":"https:\/\/paroisse-notredame-sannedolon.fr\/index.php\/2021\/10\/14\/a-propos-du-rapport-de-la-ciase\/","title":{"rendered":"\u00c0 propos du rapport de la CIASE"},"content":{"rendered":"\n<p class=\"has-text-align-center has-medium-font-size\"><strong>Mgr Guy de Kerimel<\/strong><\/p>\n\n\n\n<figure class=\"wp-block-image size-large\"><img fetchpriority=\"high\" decoding=\"async\" width=\"1024\" height=\"768\" data-attachment-id=\"6724\" data-permalink=\"https:\/\/paroisse-notredame-sannedolon.fr\/image-a-propos-du-rapport-de-la-ciase-2\/\" data-orig-file=\"https:\/\/paroisse-notredame-sannedolon.fr\/mypress\/wp-content\/uploads\/2021\/10\/IMAGE-A-propos-du-rapport-de-la-CIASE-1-scaled-e1634300473969.jpg\" data-orig-size=\"1200,900\" data-comments-opened=\"1\" data-image-meta=\"{&quot;aperture&quot;:&quot;0&quot;,&quot;credit&quot;:&quot;&quot;,&quot;camera&quot;:&quot;&quot;,&quot;caption&quot;:&quot;&quot;,&quot;created_timestamp&quot;:&quot;0&quot;,&quot;copyright&quot;:&quot;&quot;,&quot;focal_length&quot;:&quot;0&quot;,&quot;iso&quot;:&quot;0&quot;,&quot;shutter_speed&quot;:&quot;0&quot;,&quot;title&quot;:&quot;&quot;,&quot;orientation&quot;:&quot;0&quot;}\" data-image-title=\"IMAGE \u00c0 propos du rapport de la CIASE\" data-image-description=\"\" data-image-caption=\"\" data-large-file=\"https:\/\/paroisse-notredame-sannedolon.fr\/mypress\/wp-content\/uploads\/2021\/10\/IMAGE-A-propos-du-rapport-de-la-CIASE-1-1024x768.jpg\" src=\"https:\/\/paroisse-notredame-sannedolon.fr\/mypress\/wp-content\/uploads\/2021\/10\/IMAGE-A-propos-du-rapport-de-la-CIASE-1-1024x768.jpg\" alt=\"\" class=\"wp-image-6724\"\/><\/figure>\n\n\n\n<p class=\"has-medium-font-size\">Fr\u00e8res et s\u0153urs,<br>je veux, par ces quelques lignes, vous rejoindre en cette p\u00e9riode \u00e9prouvante, et vous dire ma proximit\u00e9. La remise du rapport Sauv\u00e9 a fait d\u00e9couvrir brutalement l\u2019ampleur des abus sexuels sur mineurs dans l\u2019\u00c9glise catholique depuis 1950.<\/p>\n\n\n\n<p><\/p>\n\n\n\n<p style=\"font-size:18px\">Jamais nous n\u2019aurions imagin\u00e9 un nombre aussi \u00e9lev\u00e9 de victimes, une telle somme de souffrance chez des enfants d\u00e9truits ou bless\u00e9s \u00e0 vie. Un tel choc nous \u00e9prouve, m\u00eame lorsque l\u2019on s\u2019y est pr\u00e9par\u00e9 et que l\u2019on est confront\u00e9 \u00e0 ces probl\u00e8mes depuis quelques ann\u00e9es, ce qui est mon cas. Je comprends les r\u00e9actions de d\u00e9ni ou de r\u00e9volte, la tentation de quitter cette barque qui semble pourrie, la honte d\u2019\u00eatre membre de notre \u00c9glise. \u00ab \u00c0 toi la Gloire, Seigneur, \u00e0 nous la honte \u00bb disait le proph\u00e8te Daniel, cit\u00e9 par le pape Fran\u00e7ois lors de l\u2019audience de mercredi dernier, \u00e0 propos du rapport de la CIASE.<br>\u00c9cras\u00e9s face au myst\u00e8re du mal r\u00e9v\u00e9l\u00e9 dans toute son horreur, nous avons besoin de parler, mais aussi de prier en silence : Je vous encourage \u00e0 vous r\u00e9unir pour parler, pour exprimer vos \u00e9motions et vos r\u00e9actions. Je vous invite aussi \u00e0 prendre le temps de prier, de laisser se calmer les r\u00e9actions premi\u00e8res, pour \u00e9couter ce que le Seigneur veut nous dire \u00e0 travers ce rapport douloureux. Priez aussi pour vos pr\u00eatres dont une tr\u00e8s grande majorit\u00e9 a servi et sert fid\u00e8lement le Christ et l\u2019\u00c9glise ; \u00e0 eux je redis ma confiance.<\/p>\n\n\n\n<p style=\"font-size:18px\">Il me semble que ce choc peut \u00eatre salutaire pour l\u2019\u00c9glise et nous engager sur le chemin de conversion qu\u2019attend de nous le Seigneur. Il nous faut regarder la r\u00e9alit\u00e9 en face sans d\u00e9sesp\u00e9rer et prendre les moyens d\u2019\u00eatre une maison s\u00fbre o\u00f9 tous peuvent trouver leur place sans rien craindre. Les \u00e9v\u00eaques de France, r\u00e9unis \u00e0 Lourdes au mois de novembre prochain, reprendront le rapport et poursuivront le travail entrepris depuis quelques ann\u00e9es pour \u00e9radiquer ce mal de l\u2019\u00c9glise. La lutte contre le cl\u00e9ricalisme et le d\u00e9veloppement d\u2019un fonctionnement plus synodal dans l\u2019\u00c9glise, voulus par le pape Fran\u00e7ois, vont dans ce sens.<\/p>\n\n\n\n<p style=\"font-size:18px\">Les mesures prises dans le dioc\u00e8se, tant sur l\u2019\u00e9coute des victimes que sur la pr\u00e9vention des abus, sont une bonne chose. Il faudra poursuivre notre effort, dans l\u2019humilit\u00e9 et l\u2019esp\u00e9rance, pour que le visage du Christ transparaisse de mani\u00e8re plus claire sur le visage de l\u2019\u00c9glise.<br>Je compte sur vous pour qu\u2019ensemble, nous travaillions \u00e0 \u00eatre de vraies communaut\u00e9s de disciples-missionnaires. Merci pour votre engagement.<br>\u2020 Guy de Kerimel<br>\u00e9v\u00eaque de Grenoble-Vienne<\/p>\n","protected":false},"excerpt":{"rendered":"<p>Mgr Guy de Kerimel Fr\u00e8res et s\u0153urs,je veux, par ces quelques lignes, vous rejoindre en cette p\u00e9riode \u00e9prouvante, et vous dire ma proximit\u00e9. La remise du rapport Sauv\u00e9 a fait d\u00e9couvrir brutalement l\u2019ampleur des abus sexuels sur mineurs dans l\u2019\u00c9glise catholique depuis 1950. Jamais nous n\u2019aurions imagin\u00e9 un nombre aussi \u2026 <a class=\"continue-reading-link\" href=\"https:\/\/paroisse-notredame-sannedolon.fr\/index.php\/2021\/10\/14\/a-propos-du-rapport-de-la-ciase\/\">Lire la suite <span class=\"meta-nav\">&rarr; <\/span><\/a><\/p>\n","protected":false},"author":1,"featured_media":0,"comment_status":"open","ping_status":"open","sticky":false,"template":"","format":"standard","meta":{"jetpack_post_was_ever_published":false,"_jetpack_newsletter_access":"","_jetpack_dont_email_post_to_subs":false,"_jetpack_newsletter_tier_id":0,"_jetpack_memberships_contains_paywalled_content":false,"_jetpack_memberships_contains_paid_content":false,"footnotes":"","jetpack_publicize_message":"","jetpack_publicize_feature_enabled":true,"jetpack_social_post_already_shared":true,"jetpack_social_options":{"image_generator_settings":{"template":"highway","default_image_id":0,"font":"","enabled":false},"version":2}},"categories":[1],"tags":[],"class_list":["post-6717","post","type-post","status-publish","format-standard","hentry","category-non-classe"],"jetpack_publicize_connections":[],"jetpack_featured_media_url":"","jetpack_sharing_enabled":true,"jetpack_shortlink":"https:\/\/wp.me\/p7rrt2-1Kl","_links":{"self":[{"href":"https:\/\/paroisse-notredame-sannedolon.fr\/index.php\/wp-json\/wp\/v2\/posts\/6717","targetHints":{"allow":["GET"]}}],"collection":[{"href":"https:\/\/paroisse-notredame-sannedolon.fr\/index.php\/wp-json\/wp\/v2\/posts"}],"about":[{"href":"https:\/\/paroisse-notredame-sannedolon.fr\/index.php\/wp-json\/wp\/v2\/types\/post"}],"author":[{"embeddable":true,"href":"https:\/\/paroisse-notredame-sannedolon.fr\/index.php\/wp-json\/wp\/v2\/users\/1"}],"replies":[{"embeddable":true,"href":"https:\/\/paroisse-notredame-sannedolon.fr\/index.php\/wp-json\/wp\/v2\/comments?post=6717"}],"version-history":[{"count":5,"href":"https:\/\/paroisse-notredame-sannedolon.fr\/index.php\/wp-json\/wp\/v2\/posts\/6717\/revisions"}],"predecessor-version":[{"id":6725,"href":"https:\/\/paroisse-notredame-sannedolon.fr\/index.php\/wp-json\/wp\/v2\/posts\/6717\/revisions\/6725"}],"wp:attachment":[{"href":"https:\/\/paroisse-notredame-sannedolon.fr\/index.php\/wp-json\/wp\/v2\/media?parent=6717"}],"wp:term":[{"taxonomy":"category","embeddable":true,"href":"https:\/\/paroisse-notredame-sannedolon.fr\/index.php\/wp-json\/wp\/v2\/categories?post=6717"},{"taxonomy":"post_tag","embeddable":true,"href":"https:\/\/paroisse-notredame-sannedolon.fr\/index.php\/wp-json\/wp\/v2\/tags?post=6717"}],"curies":[{"name":"wp","href":"https:\/\/api.w.org\/{rel}","templated":true}]}}