{"id":5997,"date":"2021-01-17T19:36:06","date_gmt":"2021-01-17T18:36:06","guid":{"rendered":"https:\/\/paroisse-notredame-sannedolon.fr\/?p=5997"},"modified":"2021-01-17T19:36:52","modified_gmt":"2021-01-17T18:36:52","slug":"homelie-du-2eme-dimanche-du-temps-ordinaire-b-17-janvier-2021-samuel-33-10-19-1co613-15-17-20-jean-1-35-42","status":"publish","type":"post","link":"https:\/\/paroisse-notredame-sannedolon.fr\/index.php\/2021\/01\/17\/homelie-du-2eme-dimanche-du-temps-ordinaire-b-17-janvier-2021-samuel-33-10-19-1co613-15-17-20-jean-1-35-42\/","title":{"rendered":"HOM\u00c9LIE DU 2\u00e8me  dimanche du TEMPS ORDINAIRE B    17 Janvier 2021 Samuel (3,3-10.19)     1Co(6,13-15.17-20)  Jean (1, 35-42)"},"content":{"rendered":"\n<p class=\"has-normal-font-size\">Aujourd\u2019hui, nous entrons dans le temps ordinaire de la liturgie de l\u2019\u00c9glise. Les ornements liturgiques sont verts, symbole de nature,\u00a0 de vie, d\u2019esp\u00e9rance. <br>Mais, ordinaire ne signifie pas quelconque.  <br>Apr\u00e8s la joie de No\u00ebl, la naissance de J\u00e9sus, le bapt\u00eame du Christ et la  venue des mages, et avant P\u00e2ques , nous avons besoin d\u2019un temps pour  nous impr\u00e9gner de cette force que nous donne l\u2019irruption de Dieu dans  nos vies.  <br><em>\u00ab\u00a0Nous ne pouvons pas vivre que de temps forts\u00a0\u00bb<\/em>\u00a0 aimait \u00e0 dire le cardinal Ricard quand il \u00e9tait \u00e9v\u00eaque \u00a0\u00e0 Vienne.  <br>Cependant la liturgie n\u2019est pas fade pour autant.  \u00a0<br>Ainsi aujourd\u2019hui, nous sommes sensibilis\u00e9s par l\u2019appel \u00a0permanent de Dieu\u00a0 \u00e0 nous associer \u00e0 son \u0153uvre\u00a0 cr\u00e9atrice  <br>Dans la premi\u00e8re lecture, le jeune Samuel, tout entier vou\u00e9 au service  de Dieu, recevra trois appels\u00a0 avant de reconna\u00eetre, gr\u00e2ce \u00e0 la  perspicacit\u00e9 de son ma\u00eetre Eli, que c\u2019est Dieu lui-m\u00eame qui en \u00e9tait  l\u2019origine , et de r\u00e9pondre\u00a0 enfin\u00a0: <em>\u00ab\u00a0Parle Seigneur, ton serviteur \u00e9coute\u00a0\u00bb<\/em>   <br>Dans l\u2019\u00c9vangile, Jean Baptiste sur les bords du Jourdain aper\u00e7oit J\u00e9sus  qui allait et venait. Il dit \u00e0 l\u2019adresse de s es disciples : <em>\u00ab\u00a0voici l\u2019Agneau de Dieu<\/em>\u00a0\u00bb. Aussit\u00f4t, deux d\u2019entre eux, \u00a0\u00a0le suivent .  <br>Nait alors, le dialogue\u00a0 entre J\u00e9sus, \u00a0Andr\u00e9, \u00a0et Simon-Pierre\u00a0:\u00a0\u00ab\u00a0<em>Que cherchez-vous\u00a0?\u00bb.<\/em> \u00ab\u00a0<em>Ma\u00eetre o\u00f9<\/em> <em>demeures-tu<\/em>\u00a0?\u00a0\u00bb \u00ab<em>\u00a0Venez et vous verrez<\/em>\u00a0\u00bb .   <br>Ainsi commen\u00e7a la mission de J\u00e9sus et de ses disciples.  <br>Ainsi naquit\u00a0 le Christianisme qui selon Bergson est\u00a0: <em>\u00ab\u00a0\u00a0 l\u2019axe autour duquel a bascul\u00e9 le sort du monde\u00a0\u00bb<\/em>  <br>De fait, la rencontre de Dieu, l\u2019appel de Dieu est toujours un s\u00e9isme dans nos vies.  <br>Ainsi\u00a0: <br>-Le \u00ab Fiat \u00bb de Marie est la source du salut. <br>&#8211; Les mages transform\u00e9s \u00e0 la vue de J\u00e9sus repartent \u00a0par un autre chemin, \u00a0pour une autre vie.  <br>&#8211; Simon, devenu\u00a0 Kephas \u00a0(Pierre)sera le socle \u00a0de l\u2019 \u00c9glise <br>-Saint Augustin,\u00a0 Saint Fran\u00e7ois d\u2019 Assises, Charles de Foucault, Paul  Claudel, Andr\u00e9 Frossard , pour ne citer que quelques hommes, mais aussi  combien d\u2019anonymes, hommes et femmes, menant des vies libres,\u00a0 ont  r\u00e9pondu \u00e0 l\u2019appel du Christ\u00a0 et ont servi l\u2019\u00c9glise et l\u2019 humanit\u00e9 dans  une conversion f\u00e9conde ?  <br>Dieu a besoin des Hommes et des femmes pour faire passer son appel \u00e0 venir \u00e0 travailler \u00e0 sa vigne.  <br>Il a eu besoin d\u2019Eli pour interpeler Samuel, besoin de\u00a0\u00a0 Jean Baptiste pour d\u00e9signer L\u2019Agneau de Dieu \u00e0 Andr\u00e9 et \u00e0 Simon.  <br>Dieu a besoin de nous\u00a0 comme nous avons besoin des autres pour discerner les appels de Dieu.  <br><strong>Appels \u00e0 l\u2019unit\u00e9<\/strong>\u00a0:\u00a0\u00a0 \u00ab\u00a0je prie pour que tous soient un\u00a0\u00bb( Jean 17,21)\u00a0  <br>Demain s\u2019ouvre la semaine de pri\u00e8re pour l\u2019Unit\u00e9\u00a0 des chr\u00e9tiens. Il est  important que fils du P\u00e8re, fr\u00e8res du Christ, nous soyons unis par  l\u2019Amour de Dieu et non pas divis\u00e9s par des querelles de chapelles.  <br><strong>Appels \u00e0 l\u2019Esp\u00e9rance<\/strong> <br>Depuis pr\u00e8s d\u2019un an, la France a peur. Le monde a peur\u00a0;   <br>La pand\u00e9mie du Coronavirus venu de Chine,\u00a0 baptis\u00e9e Covis 19 \u00e9prouve nos  vies, notre sant\u00e9, notre \u00e9conomie et\u00a0 notre moral. Cette situation est  v\u00e9cue comme irr\u00e9versible \u00a0par beaucoup.  <br>Notre jeunesse m\u00eame est atteinte, craignant \u00a0de ne plus jamais retrouver \u00ab\u00a0<em>la vie d\u2019avant\u00a0\u00bb.<\/em>  <br>Pourquoi un tel pessimisme\u00a0?  <br>Parce que le monde actuel (en France au moins) s\u2019habitue \u00e0 vivre sans Dieu\u00a0 c\u2019est \u00e0 dire sans Esp\u00e9rance et sans <em>\u00ab\u00a0Sagesse\u00a0divine\u00a0\u00bb<\/em>  <br>L\u2019histoire nous apprend pourtant que, quelle que soit la brutalit\u00e9 des  crises et leur importance, le monde s\u2019est toujours relev\u00e9\u00a0 et en est  souvent sorti grandi et fortifi\u00e9.  <br>Ceci parce que l\u2019homme a \u00e9t\u00e9 cr\u00e9\u00e9 par Dieu pour le bonheur et qu\u2019au c\u0153ur de chacun,\u00a0 il a mis ce que Charles\u00a0 P\u00e9guy appelle\u00a0: <em>\u00ab\u00a0 Cette petite fille d\u2019Esp\u00e9rance qui\u00a0 n\u2019a l\u2019air de rien du tout. Cette petite\u00a0 fille Esp\u00e9rance . Immortelle\u00a0\u00bb<\/em> <br>L\u2019Esp\u00e9rance qui se diff\u00e9rencie de l\u2019espoir\u00a0 en ce sens qu\u2019elle repose,  \u00a0non pas sur la vie temporelle(science, avoir, savoir, pourvoir) , mais  sur la promesse de la vie \u00e9ternelle <br>Promesse qui est foi en Dieu. <br> Foi qui est don (de Dieu) mais qui est aussi accueil et Alliance.   <br>Foi qui, h\u00e9las, n\u2019a plus gu\u00e8re sa place dans notre monde mat\u00e9rialiste.  <br><strong>Mais, confiance, l\u2019Esprit Saint veille.<\/strong> <br>Amen <br> Bernard Buisson, diacre <\/p>\n","protected":false},"excerpt":{"rendered":"<p>Aujourd\u2019hui, nous entrons dans le temps ordinaire de la liturgie de l\u2019\u00c9glise. Les ornements liturgiques sont verts, symbole de nature,\u00a0 de vie, d\u2019esp\u00e9rance. Mais, ordinaire ne signifie pas quelconque. Apr\u00e8s la joie de No\u00ebl, la naissance de J\u00e9sus, le bapt\u00eame du Christ et la venue des mages, et avant P\u00e2ques \u2026 <a class=\"continue-reading-link\" href=\"https:\/\/paroisse-notredame-sannedolon.fr\/index.php\/2021\/01\/17\/homelie-du-2eme-dimanche-du-temps-ordinaire-b-17-janvier-2021-samuel-33-10-19-1co613-15-17-20-jean-1-35-42\/\">Lire la suite <span class=\"meta-nav\">&rarr; <\/span><\/a><\/p>\n","protected":false},"author":1,"featured_media":5766,"comment_status":"open","ping_status":"open","sticky":false,"template":"","format":"standard","meta":{"jetpack_post_was_ever_published":false,"_jetpack_newsletter_access":"","_jetpack_dont_email_post_to_subs":false,"_jetpack_newsletter_tier_id":0,"_jetpack_memberships_contains_paywalled_content":false,"_jetpack_memberships_contains_paid_content":false,"footnotes":"","jetpack_publicize_message":"","jetpack_publicize_feature_enabled":true,"jetpack_social_post_already_shared":true,"jetpack_social_options":{"image_generator_settings":{"template":"highway","default_image_id":0,"font":"","enabled":false},"version":2}},"categories":[15],"tags":[],"class_list":["post-5997","post","type-post","status-publish","format-standard","has-post-thumbnail","hentry","category-homelie"],"jetpack_publicize_connections":[],"jetpack_featured_media_url":"https:\/\/paroisse-notredame-sannedolon.fr\/mypress\/wp-content\/uploads\/2020\/10\/Hom\u00e9lie-e1602449941510.jpg","jetpack_sharing_enabled":true,"jetpack_shortlink":"https:\/\/wp.me\/p7rrt2-1yJ","_links":{"self":[{"href":"https:\/\/paroisse-notredame-sannedolon.fr\/index.php\/wp-json\/wp\/v2\/posts\/5997","targetHints":{"allow":["GET"]}}],"collection":[{"href":"https:\/\/paroisse-notredame-sannedolon.fr\/index.php\/wp-json\/wp\/v2\/posts"}],"about":[{"href":"https:\/\/paroisse-notredame-sannedolon.fr\/index.php\/wp-json\/wp\/v2\/types\/post"}],"author":[{"embeddable":true,"href":"https:\/\/paroisse-notredame-sannedolon.fr\/index.php\/wp-json\/wp\/v2\/users\/1"}],"replies":[{"embeddable":true,"href":"https:\/\/paroisse-notredame-sannedolon.fr\/index.php\/wp-json\/wp\/v2\/comments?post=5997"}],"version-history":[{"count":1,"href":"https:\/\/paroisse-notredame-sannedolon.fr\/index.php\/wp-json\/wp\/v2\/posts\/5997\/revisions"}],"predecessor-version":[{"id":5998,"href":"https:\/\/paroisse-notredame-sannedolon.fr\/index.php\/wp-json\/wp\/v2\/posts\/5997\/revisions\/5998"}],"wp:featuredmedia":[{"embeddable":true,"href":"https:\/\/paroisse-notredame-sannedolon.fr\/index.php\/wp-json\/wp\/v2\/media\/5766"}],"wp:attachment":[{"href":"https:\/\/paroisse-notredame-sannedolon.fr\/index.php\/wp-json\/wp\/v2\/media?parent=5997"}],"wp:term":[{"taxonomy":"category","embeddable":true,"href":"https:\/\/paroisse-notredame-sannedolon.fr\/index.php\/wp-json\/wp\/v2\/categories?post=5997"},{"taxonomy":"post_tag","embeddable":true,"href":"https:\/\/paroisse-notredame-sannedolon.fr\/index.php\/wp-json\/wp\/v2\/tags?post=5997"}],"curies":[{"name":"wp","href":"https:\/\/api.w.org\/{rel}","templated":true}]}}