{"id":5977,"date":"2021-01-06T21:15:42","date_gmt":"2021-01-06T20:15:42","guid":{"rendered":"https:\/\/paroisse-notredame-sannedolon.fr\/?p=5977"},"modified":"2021-01-06T21:20:43","modified_gmt":"2021-01-06T20:20:43","slug":"epiphanie-2021","status":"publish","type":"post","link":"https:\/\/paroisse-notredame-sannedolon.fr\/index.php\/2021\/01\/06\/epiphanie-2021\/","title":{"rendered":"\u00c9piphanie 2021"},"content":{"rendered":"\n<p class=\"has-normal-font-size\">Nous voil\u00e0 \u00e0 f\u00eater l\u2019\u00c9piphanie, qui, dans les pratiques populaires, avec le tirage de la galette, n\u2019est pas avare d\u2019une belle dimension symbolique. Comme nous chr\u00e9tiens, nous aimons conna\u00eetre la source de la bonne eau qui peut couler dans la soci\u00e9t\u00e9, il n\u2019est pas inint\u00e9ressant de se poser la question du sens de cette f\u00eate. Je verrai trois enseignements qu\u2019il nous faudrait retenir de la lecture de l\u2019\u00e9vangile du jour : les signes, les personnes, et leur comportement.<br><em>Les signes.<\/em> Les mages ont suivi l\u2019\u00e9toile, c&rsquo;est-\u00e0-dire, ils ont scrut\u00e9 les signes qui pouvaient leur \u00eatre donn\u00e9s pour se mettre en route, et pour s\u2019engager sur le chemin qui m\u00e8ne \u00e0 la foi. C\u2019est une question r\u00e9elle qui est pos\u00e9e \u00e0 l\u2019ensemble de notre soci\u00e9t\u00e9&nbsp;: sommes-nous curieux des signes que Dieu nous envoie, ou nous fermons nous, sans vouloir discuter, face aux questions pos\u00e9es&nbsp;? Dans une soci\u00e9t\u00e9 o\u00f9 Dieu dispara\u00eet de l\u2019horizon des hommes, il reste, alors que les jeunes font des \u00e9tudes de plus en plus longues, \u00e0 \u00e9tudier les disciplines qui nous mettent directement devant le cr\u00e9ateur, telles que celles qui se penchent sur l\u2019homme (l\u2019anthropologie, qui \u00e9tudie l\u2019homme et son origine), sur la nature (la biologie, qui \u00e9tudie l\u2019\u00e9volution et ses articulations) ou sur le cosmos (l\u2019astrophysique, qui \u00e9tudie l\u2019univers, sa naissance et ses propri\u00e9t\u00e9s). Travailler ces questionnements est certainement une bonne entr\u00e9e mieux comprendre que Dieu a cr\u00e9\u00e9 l\u2019univers pour l\u2019homme, et qu\u2019il a cr\u00e9\u00e9 l\u2019homme \u00e0 son image\u2026<br><em>Les personnes.<\/em> Il faut le dire, le Christ, en recevant les bergers avant de recevoir les rois, remet les choses \u00e0 l\u2019endroit, et nous donne une formidable le\u00e7on d\u2019humanit\u00e9. Oui, le Christ a commenc\u00e9, au tout d\u00e9but de sa vie, \u00e0 recevoir les exclus&nbsp;: les bergers, qui \u00e0 l\u2019\u00e9poque \u00e9taient les refoul\u00e9s d\u2019une soci\u00e9t\u00e9 romaine fond\u00e9e sur l\u2019in\u00e9galit\u00e9. Il les a fait passer avant ceux qui comptaient\u2026 Mieux m\u00eame, apr\u00e8s les pauvres, le Christ re\u00e7oit en la personne des rois, les pa\u00efens\u2026 1 les pauvres&nbsp;; 2 les pa\u00efens. Quelle p\u00e9dagogie&nbsp;!<br>Ces pa\u00efens, qui vivent un v\u00e9ritable d\u00e9placement, -parce qu\u2019ils ont accept\u00e9 d\u2019\u00e9tudier les signes-, alors que les croyants de J\u00e9rusalem eux ne bougent pas&nbsp;; eux avaient leur certitude et ne voulaient pas \u00eatre d\u00e9rang\u00e9s. On ne les verra pas d\u2019ailleurs, install\u00e9s dans leur superbe, et les grands pr\u00eatres n\u2019arriveront que lorsque le Christ mettra le peuple en \u00e9bullition par son discours fond\u00e9 sur le rel\u00e8vement de toute personne. C\u2019est ce que dit St Paul dans la deuxi\u00e8me lecture, \u00ab&nbsp;Toutes les nations sont associ\u00e9s au m\u00eame h\u00e9ritage, au m\u00eame corps, au partage de la m\u00eame promesse dans le Christ J\u00e9sus par l\u2019annonce de l\u2019\u00e9vangile&nbsp;\u00bb.&nbsp;<br><em>Notre comportement.<\/em> 3<sup>\u00e8me<\/sup> enseignement. Les mages, apr\u00e8s avoir vu le Christ, sont repartis par un autre chemin. Un autre chemin, c&rsquo;est-\u00e0-dire, eux les pa\u00efens, ils se sont convertis. Nous, apr\u00e8s avoir entendu cet \u00e9vangile, apr\u00e8s avoir contempl\u00e9 la cr\u00e8che, allons-nous repartir par un autre chemin&nbsp;? Notre c\u0153ur va-t-il se convertir, ou allons nous rester au seuil de nos vies&nbsp;? Car finalement, que nous dit l\u2019\u00e9vangile que nous entendons dimanche apr\u00e8s dimanche sinon de nous demander, \u00e0 nous humains, d\u2019\u00eatre tout simplement\u2026 humains.<br>Seigneur que ton \u00c9vangile nous convertisse et nous rende meilleurs ! Fr\u00e8res et s\u0153urs, quand le pr\u00eatre ou le diacre repose l\u2019\u00e9vang\u00e9liaire apr\u00e8s l\u2019avoir fait acclamer, il dit \u00e0 voix basse \u00ab Que cet \u00e9vangile efface mes p\u00e9ch\u00e9s \u00bb. C\u2019est ce que je vous souhaite, \u00e0 vous aussi, pour cette \u00c9piphanie et cette nouvelle ann\u00e9e. <br>Thierry Merle <\/p>\n\n\n\n<figure class=\"wp-block-image\"><img fetchpriority=\"high\" decoding=\"async\" width=\"1024\" height=\"768\" data-attachment-id=\"5980\" data-permalink=\"https:\/\/paroisse-notredame-sannedolon.fr\/index.php\/2021\/01\/06\/epiphanie-2021\/dsc02519\/\" data-orig-file=\"https:\/\/paroisse-notredame-sannedolon.fr\/mypress\/wp-content\/uploads\/2021\/01\/DSC02519-e1609964313935.jpg\" data-orig-size=\"1200,900\" data-comments-opened=\"1\" data-image-meta=\"{&quot;aperture&quot;:&quot;2.8&quot;,&quot;credit&quot;:&quot;&quot;,&quot;camera&quot;:&quot;DSC-HX400V&quot;,&quot;caption&quot;:&quot;&quot;,&quot;created_timestamp&quot;:&quot;1609669896&quot;,&quot;copyright&quot;:&quot;&quot;,&quot;focal_length&quot;:&quot;4.3&quot;,&quot;iso&quot;:&quot;320&quot;,&quot;shutter_speed&quot;:&quot;0.033333333333333&quot;,&quot;title&quot;:&quot;&quot;,&quot;orientation&quot;:&quot;1&quot;}\" data-image-title=\"DSC02519\" data-image-description=\"\" data-image-caption=\"\" data-large-file=\"https:\/\/paroisse-notredame-sannedolon.fr\/mypress\/wp-content\/uploads\/2021\/01\/DSC02519-1024x768.jpg\" src=\"https:\/\/paroisse-notredame-sannedolon.fr\/mypress\/wp-content\/uploads\/2021\/01\/DSC02519-1024x768.jpg\" alt=\"\" class=\"wp-image-5980\"\/><\/figure>\n","protected":false},"excerpt":{"rendered":"<p>Nous voil\u00e0 \u00e0 f\u00eater l\u2019\u00c9piphanie, qui, dans les pratiques populaires, avec le tirage de la galette, n\u2019est pas avare d\u2019une belle dimension symbolique. Comme nous chr\u00e9tiens, nous aimons conna\u00eetre la source de la bonne eau qui peut couler dans la soci\u00e9t\u00e9, il n\u2019est pas inint\u00e9ressant de se poser la question \u2026 <a class=\"continue-reading-link\" href=\"https:\/\/paroisse-notredame-sannedolon.fr\/index.php\/2021\/01\/06\/epiphanie-2021\/\">Lire la suite <span class=\"meta-nav\">&rarr; <\/span><\/a><\/p>\n","protected":false},"author":1,"featured_media":5766,"comment_status":"open","ping_status":"open","sticky":false,"template":"","format":"standard","meta":{"jetpack_post_was_ever_published":false,"_jetpack_newsletter_access":"","_jetpack_dont_email_post_to_subs":false,"_jetpack_newsletter_tier_id":0,"_jetpack_memberships_contains_paywalled_content":false,"_jetpack_memberships_contains_paid_content":false,"footnotes":"","jetpack_publicize_message":"","jetpack_publicize_feature_enabled":true,"jetpack_social_post_already_shared":true,"jetpack_social_options":{"image_generator_settings":{"template":"highway","default_image_id":0,"font":"","enabled":false},"version":2}},"categories":[15],"tags":[],"class_list":["post-5977","post","type-post","status-publish","format-standard","has-post-thumbnail","hentry","category-homelie"],"jetpack_publicize_connections":[],"jetpack_featured_media_url":"https:\/\/paroisse-notredame-sannedolon.fr\/mypress\/wp-content\/uploads\/2020\/10\/Hom\u00e9lie-e1602449941510.jpg","jetpack_sharing_enabled":true,"jetpack_shortlink":"https:\/\/wp.me\/p7rrt2-1yp","_links":{"self":[{"href":"https:\/\/paroisse-notredame-sannedolon.fr\/index.php\/wp-json\/wp\/v2\/posts\/5977","targetHints":{"allow":["GET"]}}],"collection":[{"href":"https:\/\/paroisse-notredame-sannedolon.fr\/index.php\/wp-json\/wp\/v2\/posts"}],"about":[{"href":"https:\/\/paroisse-notredame-sannedolon.fr\/index.php\/wp-json\/wp\/v2\/types\/post"}],"author":[{"embeddable":true,"href":"https:\/\/paroisse-notredame-sannedolon.fr\/index.php\/wp-json\/wp\/v2\/users\/1"}],"replies":[{"embeddable":true,"href":"https:\/\/paroisse-notredame-sannedolon.fr\/index.php\/wp-json\/wp\/v2\/comments?post=5977"}],"version-history":[{"count":3,"href":"https:\/\/paroisse-notredame-sannedolon.fr\/index.php\/wp-json\/wp\/v2\/posts\/5977\/revisions"}],"predecessor-version":[{"id":5981,"href":"https:\/\/paroisse-notredame-sannedolon.fr\/index.php\/wp-json\/wp\/v2\/posts\/5977\/revisions\/5981"}],"wp:featuredmedia":[{"embeddable":true,"href":"https:\/\/paroisse-notredame-sannedolon.fr\/index.php\/wp-json\/wp\/v2\/media\/5766"}],"wp:attachment":[{"href":"https:\/\/paroisse-notredame-sannedolon.fr\/index.php\/wp-json\/wp\/v2\/media?parent=5977"}],"wp:term":[{"taxonomy":"category","embeddable":true,"href":"https:\/\/paroisse-notredame-sannedolon.fr\/index.php\/wp-json\/wp\/v2\/categories?post=5977"},{"taxonomy":"post_tag","embeddable":true,"href":"https:\/\/paroisse-notredame-sannedolon.fr\/index.php\/wp-json\/wp\/v2\/tags?post=5977"}],"curies":[{"name":"wp","href":"https:\/\/api.w.org\/{rel}","templated":true}]}}