{"id":5944,"date":"2020-12-26T15:25:11","date_gmt":"2020-12-26T14:25:11","guid":{"rendered":"https:\/\/paroisse-notredame-sannedolon.fr\/?p=5944"},"modified":"2020-12-26T15:48:47","modified_gmt":"2020-12-26T14:48:47","slug":"meditation-de-noel","status":"publish","type":"post","link":"https:\/\/paroisse-notredame-sannedolon.fr\/index.php\/2020\/12\/26\/meditation-de-noel\/","title":{"rendered":"M\u00e9ditation de No\u00ebl"},"content":{"rendered":"\n<p style=\"font-size:24px;text-align:center\"><strong>Et le Verbe s\u2019est fait chair, il a habit\u00e9 parmi nous,<br> et nous avons vu sa gloire. ( Jn 1, 14 )<\/strong><\/p>\n\n\n\n<div class=\"wp-block-media-text alignwide has-media-on-the-right\"><figure class=\"wp-block-media-text__media\"><img fetchpriority=\"high\" decoding=\"async\" width=\"1024\" height=\"768\" data-attachment-id=\"5945\" data-permalink=\"https:\/\/paroisse-notredame-sannedolon.fr\/index.php\/2020\/12\/26\/meditation-de-noel\/dsc02512\/\" data-orig-file=\"https:\/\/paroisse-notredame-sannedolon.fr\/mypress\/wp-content\/uploads\/2020\/12\/DSC02512-e1608993317528.jpg\" data-orig-size=\"1200,900\" data-comments-opened=\"1\" data-image-meta=\"{&quot;aperture&quot;:&quot;3.5&quot;,&quot;credit&quot;:&quot;&quot;,&quot;camera&quot;:&quot;DSC-HX400V&quot;,&quot;caption&quot;:&quot;&quot;,&quot;created_timestamp&quot;:&quot;1608840695&quot;,&quot;copyright&quot;:&quot;&quot;,&quot;focal_length&quot;:&quot;8.83&quot;,&quot;iso&quot;:&quot;500&quot;,&quot;shutter_speed&quot;:&quot;0.02&quot;,&quot;title&quot;:&quot;&quot;,&quot;orientation&quot;:&quot;1&quot;}\" data-image-title=\"DSC02512\" data-image-description=\"\" data-image-caption=\"\" data-large-file=\"https:\/\/paroisse-notredame-sannedolon.fr\/mypress\/wp-content\/uploads\/2020\/12\/DSC02512-1024x768.jpg\" src=\"https:\/\/paroisse-notredame-sannedolon.fr\/mypress\/wp-content\/uploads\/2020\/12\/DSC02512-1024x768.jpg\" alt=\"\" class=\"wp-image-5945\"\/><\/figure><div class=\"wp-block-media-text__content\">\n<p style=\"font-size:24px\">\u00ab Et voil\u00e0 le signe qui vous est donn\u00e9 : vous trouverez un nouveau-n\u00e9 emmaillot\u00e9 et<br>\ncouch\u00e9 dans une mangeoire \u00bb. ( Lc, 2, 12 )<\/p>\n<\/div><\/div>\n\n\n\n<p class=\"has-medium-font-size\">\u00ab Rien de merveilleux, rien d\u2019extraordinaire, rien d\u2019\u00e9clatant n\u2019est donn\u00e9 comme signe aux bergers, Ils verront seulement un enfant entour\u00e9 de langes qui, comme tous les enfants, a besoin de soins maternels ; un enfant qui est n\u00e9 dans une \u00e9table et qui, de ce fait, est couch\u00e9 non pas dans un berceau, mais dans une mangeoire. Le signe de Dieu est l\u2019enfant, avec son besoin d\u2019aide et sa pauvret\u00e9 \u00bb. ( Beno\u00eet XVI ) <br><em>Une femme a tiss\u00e9 le corps de Dieu.<br>Une femme ravie a berc\u00e9 son Dieu.<br>Une femme attentive a nourri le Fils de Dieu.<br>On l\u2019appelle Marie, M\u00e8re de Dieu.<br>Un enfant nous a dit la paix de Dieu.<br>Un sauveur nous est n\u00e9,<br>Gr\u00e2ce de Dieu.<br>Un enfant nous a dit l\u2019\u00e2ge de Dieu.<br>Un enfant nous est n\u00e9,<br>Gloire de Dieu.<br>Un enfant nous a dit le c\u0153ur de Dieu.<br>Un enfant nous est n\u00e9,<br>Amour de Dieu.<\/em><br> <br>Dans le petit enfant de la cr\u00e8che accueillons avec joie J\u00e9sus venu nous visiter, pr\u00e9sent chaque jour dans sa Parole et dans l\u2019eucharistie. Reconnaissons sa pr\u00e9sence aimante au c\u0153ur de tous ceux que nous rencontrons.  <br><em>Dieu a pass\u00e9 la nuit comme un guetteur. <br>La lumi\u00e8re de l\u2019aube a brill\u00e9 dans l\u2019\u00e9table o\u00f9 Dieu nous a rejoints. <br>Les bergers s\u2019en sont retourn\u00e9s sur leurs p\u00e2tures accompagn\u00e9s du chant des anges,<br>\u00ab dans la paix des hommes qu\u2019il aime. \u00bb<br>N\u2019aie donc pas peur de vivre !<\/em><br><em>Dieu lui-m\u00eame a march\u00e9 en nos chemins, nous invitant \u00e0 le suivre avec son Fils.<br>Il est all\u00e9 de Bethl\u00e9em aux rives du lac de Galil\u00e9e.<br>Il a march\u00e9 vers la Montagne de Sion, et s\u2019est offert sur la colline du Golgotha.<br>Il est ressuscit\u00e9, pour nous conduire au P\u00e8re.<br>Ne t\u2019arr\u00eate pas ! Marche \u00e0 sa suite !<br>N\u2019aie donc pas peur de vivre ! <\/em><\/p>\n\n\n\n<p style=\"text-align:center\" class=\"has-medium-font-size\"><strong><em>\u00ab Gloire \u00e0 Dieu au plus haut des cieux<br> et paix sur la terre aux hommes qu\u2019il aime. \u00bb<\/em><\/strong><br><strong><em><br> Joyeux No\u00ebl \u00e0 chacun de vous, que Dieu vous b\u00e9nisse.<\/em><\/strong><br><\/p>\n\n\n\n<p>P\u00e8re Jean-Hugues Malraison<br><\/p>\n\n\n\n<figure class=\"wp-block-image\"><img decoding=\"async\" width=\"1024\" height=\"768\" data-attachment-id=\"5951\" data-permalink=\"https:\/\/paroisse-notredame-sannedolon.fr\/index.php\/2020\/12\/26\/meditation-de-noel\/dsc02511\/\" data-orig-file=\"https:\/\/paroisse-notredame-sannedolon.fr\/mypress\/wp-content\/uploads\/2020\/12\/DSC02511-e1608993341117.jpg\" data-orig-size=\"1200,900\" data-comments-opened=\"1\" data-image-meta=\"{&quot;aperture&quot;:&quot;2.8&quot;,&quot;credit&quot;:&quot;&quot;,&quot;camera&quot;:&quot;DSC-HX400V&quot;,&quot;caption&quot;:&quot;&quot;,&quot;created_timestamp&quot;:&quot;1608840668&quot;,&quot;copyright&quot;:&quot;&quot;,&quot;focal_length&quot;:&quot;4.3&quot;,&quot;iso&quot;:&quot;250&quot;,&quot;shutter_speed&quot;:&quot;0.033333333333333&quot;,&quot;title&quot;:&quot;&quot;,&quot;orientation&quot;:&quot;1&quot;}\" data-image-title=\"DSC02511\" data-image-description=\"\" data-image-caption=\"\" data-large-file=\"https:\/\/paroisse-notredame-sannedolon.fr\/mypress\/wp-content\/uploads\/2020\/12\/DSC02511-1024x768.jpg\" src=\"https:\/\/paroisse-notredame-sannedolon.fr\/mypress\/wp-content\/uploads\/2020\/12\/DSC02511-1024x768.jpg\" alt=\"\" class=\"wp-image-5951\"\/><\/figure>\n\n\n\n<p><em><br><\/em><br><\/p>\n","protected":false},"excerpt":{"rendered":"<p>Et le Verbe s\u2019est fait chair, il a habit\u00e9 parmi nous, et nous avons vu sa gloire. ( Jn 1, 14 ) \u00ab Et voil\u00e0 le signe qui vous est donn\u00e9 : vous trouverez un nouveau-n\u00e9 emmaillot\u00e9 et couch\u00e9 dans une mangeoire \u00bb. ( Lc, 2, 12 ) \u00ab Rien \u2026 <a class=\"continue-reading-link\" href=\"https:\/\/paroisse-notredame-sannedolon.fr\/index.php\/2020\/12\/26\/meditation-de-noel\/\">Lire la suite <span class=\"meta-nav\">&rarr; <\/span><\/a><\/p>\n","protected":false},"author":1,"featured_media":0,"comment_status":"open","ping_status":"open","sticky":false,"template":"","format":"standard","meta":{"jetpack_post_was_ever_published":false,"_jetpack_newsletter_access":"","_jetpack_dont_email_post_to_subs":false,"_jetpack_newsletter_tier_id":0,"_jetpack_memberships_contains_paywalled_content":false,"_jetpack_memberships_contains_paid_content":false,"footnotes":"","jetpack_publicize_message":"","jetpack_publicize_feature_enabled":true,"jetpack_social_post_already_shared":true,"jetpack_social_options":{"image_generator_settings":{"template":"highway","default_image_id":0,"font":"","enabled":false},"version":2}},"categories":[15],"tags":[],"class_list":["post-5944","post","type-post","status-publish","format-standard","hentry","category-homelie"],"jetpack_publicize_connections":[],"jetpack_featured_media_url":"","jetpack_sharing_enabled":true,"jetpack_shortlink":"https:\/\/wp.me\/p7rrt2-1xS","_links":{"self":[{"href":"https:\/\/paroisse-notredame-sannedolon.fr\/index.php\/wp-json\/wp\/v2\/posts\/5944","targetHints":{"allow":["GET"]}}],"collection":[{"href":"https:\/\/paroisse-notredame-sannedolon.fr\/index.php\/wp-json\/wp\/v2\/posts"}],"about":[{"href":"https:\/\/paroisse-notredame-sannedolon.fr\/index.php\/wp-json\/wp\/v2\/types\/post"}],"author":[{"embeddable":true,"href":"https:\/\/paroisse-notredame-sannedolon.fr\/index.php\/wp-json\/wp\/v2\/users\/1"}],"replies":[{"embeddable":true,"href":"https:\/\/paroisse-notredame-sannedolon.fr\/index.php\/wp-json\/wp\/v2\/comments?post=5944"}],"version-history":[{"count":11,"href":"https:\/\/paroisse-notredame-sannedolon.fr\/index.php\/wp-json\/wp\/v2\/posts\/5944\/revisions"}],"predecessor-version":[{"id":5959,"href":"https:\/\/paroisse-notredame-sannedolon.fr\/index.php\/wp-json\/wp\/v2\/posts\/5944\/revisions\/5959"}],"wp:attachment":[{"href":"https:\/\/paroisse-notredame-sannedolon.fr\/index.php\/wp-json\/wp\/v2\/media?parent=5944"}],"wp:term":[{"taxonomy":"category","embeddable":true,"href":"https:\/\/paroisse-notredame-sannedolon.fr\/index.php\/wp-json\/wp\/v2\/categories?post=5944"},{"taxonomy":"post_tag","embeddable":true,"href":"https:\/\/paroisse-notredame-sannedolon.fr\/index.php\/wp-json\/wp\/v2\/tags?post=5944"}],"curies":[{"name":"wp","href":"https:\/\/api.w.org\/{rel}","templated":true}]}}