{"id":5701,"date":"2020-09-29T13:24:43","date_gmt":"2020-09-29T12:24:43","guid":{"rendered":"https:\/\/paroisse-notredame-sannedolon.fr\/?p=5701"},"modified":"2020-09-29T13:49:54","modified_gmt":"2020-09-29T12:49:54","slug":"pelerinage-a-la-salette-2020","status":"publish","type":"post","link":"https:\/\/paroisse-notredame-sannedolon.fr\/index.php\/2020\/09\/29\/pelerinage-a-la-salette-2020\/","title":{"rendered":"P\u00e8lerinage \u00e0 la Salette 2020"},"content":{"rendered":"\n<div class=\"wp-block-media-text alignwide\" style=\"grid-template-columns:31% auto\"><figure class=\"wp-block-media-text__media\"><img fetchpriority=\"high\" decoding=\"async\" width=\"768\" height=\"1024\" data-attachment-id=\"5699\" data-permalink=\"https:\/\/paroisse-notredame-sannedolon.fr\/img_20200926_100420-2\/\" data-orig-file=\"https:\/\/paroisse-notredame-sannedolon.fr\/mypress\/wp-content\/uploads\/2020\/09\/IMG_20200926_100420-1-e1601382339951.jpg\" data-orig-size=\"900,1200\" data-comments-opened=\"1\" data-image-meta=\"{&quot;aperture&quot;:&quot;2&quot;,&quot;credit&quot;:&quot;&quot;,&quot;camera&quot;:&quot;Nokia 5&quot;,&quot;caption&quot;:&quot;&quot;,&quot;created_timestamp&quot;:&quot;1601114661&quot;,&quot;copyright&quot;:&quot;&quot;,&quot;focal_length&quot;:&quot;3.57&quot;,&quot;iso&quot;:&quot;100&quot;,&quot;shutter_speed&quot;:&quot;0.00026845637583893&quot;,&quot;title&quot;:&quot;&quot;,&quot;orientation&quot;:&quot;0&quot;}\" data-image-title=\"IMG_20200926_100420\" data-image-description=\"\" data-image-caption=\"\" data-large-file=\"https:\/\/paroisse-notredame-sannedolon.fr\/mypress\/wp-content\/uploads\/2020\/09\/IMG_20200926_100420-1-768x1024.jpg\" src=\"https:\/\/paroisse-notredame-sannedolon.fr\/mypress\/wp-content\/uploads\/2020\/09\/IMG_20200926_100420-1-768x1024.jpg\" alt=\"\" class=\"wp-image-5699\"\/><\/figure><div class=\"wp-block-media-text__content\">\n<p style=\"font-size:18px\">Ce sont 21 p\u00e8lerins qui\nprennent la route pour la Salette au petit matin, &nbsp;ce samedi 26 Septembre 2020. La m\u00e9t\u00e9o nous a\nannonc\u00e9 deux journ\u00e9es froides avec des averses de neige. Nous chantons en\nroulant aux abords de Grenoble&nbsp;: \u00ab&nbsp;la Premi\u00e8re en chemin, Marie tu nous\nentraines \u00e0 risquer notre&nbsp;<strong>oui<\/strong>&nbsp;aux\nimpr\u00e9vus de Dieu&nbsp;\u00bb tout en voyant au loin les sommets enneig\u00e9s. Apr\u00e8s\navoir d\u00e9pass\u00e9 Vizille et salu\u00e9 l\u2019Empereur \u00e0 Laffrey,&nbsp; un premier appel t\u00e9l\u00e9phonique nous informe\nque la marche n\u2019aura pas lieu en raison de la m\u00e9t\u00e9o (dommage pour le marcheur\ndu groupe), puis un&nbsp; deuxi\u00e8me appel nous\npr\u00e9cise que la mont\u00e9e au sanctuaire doit \u00eatre d\u00e9neig\u00e9e et que le stationnement\ndu car sera peut-\u00eatre n\u00e9cessaire \u00e0 Corps en attendant que la route soit\nouverte. A Corps la route est libre et les deux cars des Jeunes d\u2019Is\u00e8reanybody?\nne sont plus stationn\u00e9s, mais la neige est de plus en plus pr\u00e9sente. Et \u00e0\nl\u2019arriv\u00e9e quelle surprise pour les habitu\u00e9s du p\u00e8lerinage ! Tout est tr\u00e8s\nblanc\u2026.<\/p>\n<\/div><\/div>\n\n\n\n<div class=\"wp-block-media-text alignwide has-media-on-the-right\" style=\"grid-template-columns:auto 28%\"><figure class=\"wp-block-media-text__media\"><img decoding=\"async\" width=\"151\" height=\"154\" data-attachment-id=\"5708\" data-permalink=\"https:\/\/paroisse-notredame-sannedolon.fr\/index.php\/2020\/09\/29\/pelerinage-a-la-salette-2020\/guy-de-kerimel\/\" data-orig-file=\"https:\/\/paroisse-notredame-sannedolon.fr\/mypress\/wp-content\/uploads\/2020\/09\/Guy-de-Kerimel.jpg\" data-orig-size=\"151,154\" data-comments-opened=\"1\" data-image-meta=\"{&quot;aperture&quot;:&quot;0&quot;,&quot;credit&quot;:&quot;&quot;,&quot;camera&quot;:&quot;&quot;,&quot;caption&quot;:&quot;&quot;,&quot;created_timestamp&quot;:&quot;0&quot;,&quot;copyright&quot;:&quot;&quot;,&quot;focal_length&quot;:&quot;0&quot;,&quot;iso&quot;:&quot;0&quot;,&quot;shutter_speed&quot;:&quot;0&quot;,&quot;title&quot;:&quot;&quot;,&quot;orientation&quot;:&quot;0&quot;}\" data-image-title=\"Guy de Kerimel\" data-image-description=\"\" data-image-caption=\"\" data-large-file=\"https:\/\/paroisse-notredame-sannedolon.fr\/mypress\/wp-content\/uploads\/2020\/09\/Guy-de-Kerimel.jpg\" src=\"https:\/\/paroisse-notredame-sannedolon.fr\/mypress\/wp-content\/uploads\/2020\/09\/Guy-de-Kerimel.jpg\" alt=\"\" class=\"wp-image-5708\" srcset=\"https:\/\/paroisse-notredame-sannedolon.fr\/mypress\/wp-content\/uploads\/2020\/09\/Guy-de-Kerimel.jpg 151w, https:\/\/paroisse-notredame-sannedolon.fr\/mypress\/wp-content\/uploads\/2020\/09\/Guy-de-Kerimel-147x150.jpg 147w\" sizes=\"(max-width: 151px) 100vw, 151px\" \/><\/figure><div class=\"wp-block-media-text__content\">\n<p style=\"font-size:18px\">Extrait de\nl\u2019introduction du livret du p\u00e8lerin&nbsp;: <em>\u00ab&nbsp;Le\np\u00e8lerinage dioc\u00e9sain et l\u2019ann\u00e9e pastorale seront v\u00e9cus sous le signe de la\nconversion pour nous laisser r\u00e9concilier avec Dieu, avec notre prochain, avec\nla Terre. L\u2019ann\u00e9e \u00ab&nbsp;Laudato Si&nbsp;\u00bb lanc\u00e9e par le Pape en mai dernier,\nnous aidera \u00e0 mieux entendre le cri des pauvres et de la Terre.&nbsp;\u00bb&nbsp; <\/em>Mgr&nbsp;\nGuy de Kerimel<\/p>\n<\/div><\/div>\n\n\n\n<div class=\"wp-block-media-text alignwide\" style=\"grid-template-columns:31% auto\"><figure class=\"wp-block-media-text__media\"><img decoding=\"async\" width=\"614\" height=\"1024\" data-attachment-id=\"5700\" data-permalink=\"https:\/\/paroisse-notredame-sannedolon.fr\/vierge-de-la-salette-procession\/\" data-orig-file=\"https:\/\/paroisse-notredame-sannedolon.fr\/mypress\/wp-content\/uploads\/2020\/09\/Vierge-de-La-Salette-Procession-e1601383231101.jpg\" data-orig-size=\"720,1200\" data-comments-opened=\"1\" data-image-meta=\"{&quot;aperture&quot;:&quot;2.2&quot;,&quot;credit&quot;:&quot;&quot;,&quot;camera&quot;:&quot;SM-G361F&quot;,&quot;caption&quot;:&quot;&quot;,&quot;created_timestamp&quot;:&quot;1601133088&quot;,&quot;copyright&quot;:&quot;&quot;,&quot;focal_length&quot;:&quot;3.3099975585938&quot;,&quot;iso&quot;:&quot;750&quot;,&quot;shutter_speed&quot;:&quot;0.125&quot;,&quot;title&quot;:&quot;&quot;,&quot;orientation&quot;:&quot;1&quot;}\" data-image-title=\"Vierge de La Salette Procession\" data-image-description=\"\" data-image-caption=\"\" data-large-file=\"https:\/\/paroisse-notredame-sannedolon.fr\/mypress\/wp-content\/uploads\/2020\/09\/Vierge-de-La-Salette-Procession-614x1024.jpg\" src=\"https:\/\/paroisse-notredame-sannedolon.fr\/mypress\/wp-content\/uploads\/2020\/09\/Vierge-de-La-Salette-Procession-614x1024.jpg\" alt=\"\" class=\"wp-image-5700\"\/><\/figure><div class=\"wp-block-media-text__content\">\n<p style=\"font-size:18px\">Comme habituellement le\nplanning est riche en temps de r\u00e9flexion, de pri\u00e8res et d\u2019\u00e9changes. La neige\ntombe en alternance et n\u2019encourage pas les sorties. En soir\u00e9e le service de la\nDiaconie et soin nous &nbsp;apprend \u00ab&nbsp;La\nvalse des cr\u00e9atures&nbsp;\u00bb chant compos\u00e9 par Fr\u00e8re Jacques Jou\u00ebt et nous\npr\u00e9sente un montage de photos autour du th\u00e8me de Laudato Si. La neige offrant\nune accalmie, nous permet&nbsp; la procession\nmariale aux&nbsp; flambeaux sur le sommet du\nVallon.&nbsp; La nuit d\u2019adoration est assur\u00e9e\nprincipalement par les jeunes d\u2019Is\u00e8reanybody? \u00e0 la Chapelle de la Rencontre. Dimanche\nmatin sept cars acheminent les p\u00e8lerins d\u2019un jour. Tous les lieux de\nrassemblement du sanctuaire&nbsp;: la basilique, la chapelle de la rencontre et\nla salle Notre Dame sont reli\u00e9s en audio conf\u00e9rences et nous permettent\nl\u2019\u00e9coute des enseignements, de l\u2019Ang\u00e9lus&nbsp;et de l\u2019hom\u00e9lie de la messe\nd\u2019envoi du p\u00e8lerinage donn\u00e9s par Mgr de Kerimel.<\/p>\n<\/div><\/div>\n\n\n\n<p>Le sanctuaire de la\nSalette entre dans une ann\u00e9e jubilaire, du 19 septembre 2020 au 19 septembre\n2021, \u00e0 l\u2019occasion du 175<sup>\u00e8me<\/sup>&nbsp;\nanniversaire de l\u2019Apparition de Marie. <\/p>\n\n\n\n<figure class=\"wp-block-image\"><img loading=\"lazy\" decoding=\"async\" width=\"1024\" height=\"576\" data-attachment-id=\"5719\" data-permalink=\"https:\/\/paroisse-notredame-sannedolon.fr\/20200927-la-salette4\/\" data-orig-file=\"https:\/\/paroisse-notredame-sannedolon.fr\/mypress\/wp-content\/uploads\/2020\/09\/20200927-La-Salette4-e1601383638924.jpg\" data-orig-size=\"1200,675\" data-comments-opened=\"1\" data-image-meta=\"{&quot;aperture&quot;:&quot;1.7&quot;,&quot;credit&quot;:&quot;&quot;,&quot;camera&quot;:&quot;SM-A505FN&quot;,&quot;caption&quot;:&quot;&quot;,&quot;created_timestamp&quot;:&quot;1601232095&quot;,&quot;copyright&quot;:&quot;&quot;,&quot;focal_length&quot;:&quot;3.93&quot;,&quot;iso&quot;:&quot;50&quot;,&quot;shutter_speed&quot;:&quot;0.02&quot;,&quot;title&quot;:&quot;&quot;,&quot;orientation&quot;:&quot;1&quot;}\" data-image-title=\"20200927- La Salette4\" data-image-description=\"\" data-image-caption=\"\" data-large-file=\"https:\/\/paroisse-notredame-sannedolon.fr\/mypress\/wp-content\/uploads\/2020\/09\/20200927-La-Salette4-1024x576.jpg\" src=\"https:\/\/paroisse-notredame-sannedolon.fr\/mypress\/wp-content\/uploads\/2020\/09\/20200927-La-Salette4-1024x576.jpg\" alt=\"\" class=\"wp-image-5719\"\/><\/figure>\n\n\n\n<p>Le prochain p\u00e8lerinage dioc\u00e9sain sera le 25 et 26 septembre 2021, les p\u00e8lerins qui ne connaissaient pas la Salette se sont d\u00e9j\u00e0 inscrits pour d\u00e9couvrir le lieu de l\u2019Apparition et le paysage du tour du Plateau sans neige !<\/p>\n","protected":false},"excerpt":{"rendered":"<p>Ce sont 21 p\u00e8lerins qui prennent la route pour la Salette au petit matin, &nbsp;ce samedi 26 Septembre 2020. La m\u00e9t\u00e9o nous a annonc\u00e9 deux journ\u00e9es froides avec des averses de neige. Nous chantons en roulant aux abords de Grenoble&nbsp;: \u00ab&nbsp;la Premi\u00e8re en chemin, Marie tu nous entraines \u00e0 risquer \u2026 <a class=\"continue-reading-link\" href=\"https:\/\/paroisse-notredame-sannedolon.fr\/index.php\/2020\/09\/29\/pelerinage-a-la-salette-2020\/\">Lire la suite <span class=\"meta-nav\">&rarr; <\/span><\/a><\/p>\n","protected":false},"author":1,"featured_media":0,"comment_status":"open","ping_status":"open","sticky":false,"template":"","format":"standard","meta":{"jetpack_post_was_ever_published":false,"_jetpack_newsletter_access":"","_jetpack_dont_email_post_to_subs":false,"_jetpack_newsletter_tier_id":0,"_jetpack_memberships_contains_paywalled_content":false,"_jetpack_memberships_contains_paid_content":false,"footnotes":"","jetpack_publicize_message":"","jetpack_publicize_feature_enabled":true,"jetpack_social_post_already_shared":true,"jetpack_social_options":{"image_generator_settings":{"template":"highway","default_image_id":0,"font":"","enabled":false},"version":2}},"categories":[1],"tags":[],"class_list":["post-5701","post","type-post","status-publish","format-standard","hentry","category-non-classe"],"jetpack_publicize_connections":[],"jetpack_featured_media_url":"","jetpack_sharing_enabled":true,"jetpack_shortlink":"https:\/\/wp.me\/p7rrt2-1tX","_links":{"self":[{"href":"https:\/\/paroisse-notredame-sannedolon.fr\/index.php\/wp-json\/wp\/v2\/posts\/5701","targetHints":{"allow":["GET"]}}],"collection":[{"href":"https:\/\/paroisse-notredame-sannedolon.fr\/index.php\/wp-json\/wp\/v2\/posts"}],"about":[{"href":"https:\/\/paroisse-notredame-sannedolon.fr\/index.php\/wp-json\/wp\/v2\/types\/post"}],"author":[{"embeddable":true,"href":"https:\/\/paroisse-notredame-sannedolon.fr\/index.php\/wp-json\/wp\/v2\/users\/1"}],"replies":[{"embeddable":true,"href":"https:\/\/paroisse-notredame-sannedolon.fr\/index.php\/wp-json\/wp\/v2\/comments?post=5701"}],"version-history":[{"count":17,"href":"https:\/\/paroisse-notredame-sannedolon.fr\/index.php\/wp-json\/wp\/v2\/posts\/5701\/revisions"}],"predecessor-version":[{"id":5723,"href":"https:\/\/paroisse-notredame-sannedolon.fr\/index.php\/wp-json\/wp\/v2\/posts\/5701\/revisions\/5723"}],"wp:attachment":[{"href":"https:\/\/paroisse-notredame-sannedolon.fr\/index.php\/wp-json\/wp\/v2\/media?parent=5701"}],"wp:term":[{"taxonomy":"category","embeddable":true,"href":"https:\/\/paroisse-notredame-sannedolon.fr\/index.php\/wp-json\/wp\/v2\/categories?post=5701"},{"taxonomy":"post_tag","embeddable":true,"href":"https:\/\/paroisse-notredame-sannedolon.fr\/index.php\/wp-json\/wp\/v2\/tags?post=5701"}],"curies":[{"name":"wp","href":"https:\/\/api.w.org\/{rel}","templated":true}]}}