{"id":5693,"date":"2020-09-27T19:00:20","date_gmt":"2020-09-27T18:00:20","guid":{"rendered":"https:\/\/paroisse-notredame-sannedolon.fr\/?p=5693"},"modified":"2020-10-11T22:01:20","modified_gmt":"2020-10-11T21:01:20","slug":"dimanche-27-septembre-2020-26eme-dimanche-du-temps-ordinaire-a","status":"publish","type":"post","link":"https:\/\/paroisse-notredame-sannedolon.fr\/index.php\/2020\/09\/27\/dimanche-27-septembre-2020-26eme-dimanche-du-temps-ordinaire-a\/","title":{"rendered":"DIMANCHE 27 SEPTEMBRE 2020. 26\u00e8me DIMANCHE DU TEMPS ORDINAIRE \u201cA\u201d"},"content":{"rendered":"\n<p style=\"font-size:18px;text-align:left\">\u00c9z\u00e9kiel (18, 25-28). Psaume 24 (25). Philippiens (2, 1-11). Matthieu (21, 28-32)<br><br> <strong>M\u00e9ditation<\/strong><br>\u00ab\u2026<em>les publicains et les prostitu\u00e9es vous pr\u00e9c\u00e8dent dans le royaume de Dieu<\/em>\u2026&nbsp;\u00bb<br>Voil\u00e0 qui choque, \u00e9tonne et provoque. Une d\u00e9claration qui bien interroge et questionne. J\u00e9sus, ici, veut nous faire r\u00e9agir au point de nous pousser \u00e0 penser et \u00e0 repenser notre conduite de baptis\u00e9s pour t\u00e9moigner dans le monde de ce temps. Au lieu donc de nous enfermer dans des consid\u00e9rations sans suite, ouvrons plut\u00f4t notre esprit de mani\u00e8re \u00e0 accueillir cette d\u00e9claration comme une incitation \u00e0 se convertir. C\u2019est-\u00e0-dire \u00e0 se tourner vers Dieu, de c\u0153ur et d\u2019\u00e2me. Pour mener une vie accord\u00e9e \u00e0 son appel et \u00e0 la gr\u00e2ce de sa Parole.<br>A travers \u00ab&nbsp;<em>un homme qui avait deux fils<\/em>&nbsp;\u00bb J\u00e9sus nous r\u00e9v\u00e8le le c\u0153ur mis\u00e9ricordieux de Dieu qui chaque fois <em>montre aux p\u00e9cheurs le chemin<\/em> et <em>enseigne aux humbles<\/em> les voix de son salut. L\u2019image de cette histoire est saisissante. Comme les deux fils, ainsi est le c\u0153ur de tout humain qui vacille entre \u00ab&nbsp;le dire&nbsp;\u00bb et \u00ab&nbsp;le faire&nbsp;\u00bb et ballote entre \u00ab&nbsp;ob\u00e9ir pour faire&nbsp;\u00bb et \u00ab d\u00e9sob\u00e9ir pour dire seulement&nbsp;\u00bb. La vraie ob\u00e9issance est une vie et non un code.<br>La liturgie de ce 26<sup>\u00e8me<\/sup> dimanche est au fond un appel r\u00e9el \u00e0 \u00e9couter la voix du Seigneur. Une \u00e9coute qui implique un profond changement de vie. C\u2019est alors pour vivre cette exigence, Ez\u00e9kiel nous ouvre les yeux afin de mieux orienter notre existence selon le bon droit et la justice. Paul, lui, nous donne en exemple le Christ qui s\u2019est abaiss\u00e9, d\u00e9pouill\u00e9 <em>devenant ob\u00e9issant jusqu\u2019\u00e0 mourir<\/em>. Par Lui notre humanit\u00e9 s\u2019\u00e9claire. En Lui elle retrouve les dispositions qui sont celles de l\u2019Esprit. Avec Lui elle chemine vers la gr\u00e2ce de la conversion, ce beau miracle du c\u0153ur. <br>Que chacun de nous trouve dans cette Parole des vivres dont son c\u0153ur a besoin pour avancer.<br>Pour aller plus loin et laisser cette Parole nous accompagner, voici quelques points qui peuvent nous aider \u00e0 mieux m\u00e9diter et nourrir notre esprit : <br><em>Comment vivre la conversion au jour le jour&nbsp;<\/em>? <em>De quelle mani\u00e8re, dans la situation actuelle de crise sanitaire, se pr\u00e9occuper \u00e0 lire les signes de Dieu et y r\u00e9pondre par une vie ajust\u00e9e \u00e0 sa volont\u00e9<\/em>&nbsp;? <em>Comment t\u00e9moigner de l\u2019irruption de Dieu dans notre histoire de fa\u00e7on \u00e0 \u00eatre l\u2019actualit\u00e9 fid\u00e8le&nbsp;de son appel \u00e0 la conversion<\/em> ? &nbsp;<strong>P\u00e8re Davy<\/strong><\/p>\n","protected":false},"excerpt":{"rendered":"<p>\u00c9z\u00e9kiel (18, 25-28). Psaume 24 (25). Philippiens (2, 1-11). Matthieu (21, 28-32) M\u00e9ditation\u00ab\u2026les publicains et les prostitu\u00e9es vous pr\u00e9c\u00e8dent dans le royaume de Dieu\u2026&nbsp;\u00bbVoil\u00e0 qui choque, \u00e9tonne et provoque. Une d\u00e9claration qui bien interroge et questionne. J\u00e9sus, ici, veut nous faire r\u00e9agir au point de nous pousser \u00e0 penser et \u2026 <a class=\"continue-reading-link\" href=\"https:\/\/paroisse-notredame-sannedolon.fr\/index.php\/2020\/09\/27\/dimanche-27-septembre-2020-26eme-dimanche-du-temps-ordinaire-a\/\">Lire la suite <span class=\"meta-nav\">&rarr; <\/span><\/a><\/p>\n","protected":false},"author":1,"featured_media":5766,"comment_status":"open","ping_status":"open","sticky":false,"template":"","format":"standard","meta":{"jetpack_post_was_ever_published":false,"_jetpack_newsletter_access":"","_jetpack_dont_email_post_to_subs":false,"_jetpack_newsletter_tier_id":0,"_jetpack_memberships_contains_paywalled_content":false,"_jetpack_memberships_contains_paid_content":false,"footnotes":"","jetpack_publicize_message":"","jetpack_publicize_feature_enabled":true,"jetpack_social_post_already_shared":true,"jetpack_social_options":{"image_generator_settings":{"template":"highway","default_image_id":0,"font":"","enabled":false},"version":2}},"categories":[15],"tags":[],"class_list":["post-5693","post","type-post","status-publish","format-standard","has-post-thumbnail","hentry","category-homelie"],"jetpack_publicize_connections":[],"jetpack_featured_media_url":"https:\/\/paroisse-notredame-sannedolon.fr\/mypress\/wp-content\/uploads\/2020\/10\/Hom\u00e9lie-e1602449941510.jpg","jetpack_sharing_enabled":true,"jetpack_shortlink":"https:\/\/wp.me\/p7rrt2-1tP","_links":{"self":[{"href":"https:\/\/paroisse-notredame-sannedolon.fr\/index.php\/wp-json\/wp\/v2\/posts\/5693","targetHints":{"allow":["GET"]}}],"collection":[{"href":"https:\/\/paroisse-notredame-sannedolon.fr\/index.php\/wp-json\/wp\/v2\/posts"}],"about":[{"href":"https:\/\/paroisse-notredame-sannedolon.fr\/index.php\/wp-json\/wp\/v2\/types\/post"}],"author":[{"embeddable":true,"href":"https:\/\/paroisse-notredame-sannedolon.fr\/index.php\/wp-json\/wp\/v2\/users\/1"}],"replies":[{"embeddable":true,"href":"https:\/\/paroisse-notredame-sannedolon.fr\/index.php\/wp-json\/wp\/v2\/comments?post=5693"}],"version-history":[{"count":3,"href":"https:\/\/paroisse-notredame-sannedolon.fr\/index.php\/wp-json\/wp\/v2\/posts\/5693\/revisions"}],"predecessor-version":[{"id":5767,"href":"https:\/\/paroisse-notredame-sannedolon.fr\/index.php\/wp-json\/wp\/v2\/posts\/5693\/revisions\/5767"}],"wp:featuredmedia":[{"embeddable":true,"href":"https:\/\/paroisse-notredame-sannedolon.fr\/index.php\/wp-json\/wp\/v2\/media\/5766"}],"wp:attachment":[{"href":"https:\/\/paroisse-notredame-sannedolon.fr\/index.php\/wp-json\/wp\/v2\/media?parent=5693"}],"wp:term":[{"taxonomy":"category","embeddable":true,"href":"https:\/\/paroisse-notredame-sannedolon.fr\/index.php\/wp-json\/wp\/v2\/categories?post=5693"},{"taxonomy":"post_tag","embeddable":true,"href":"https:\/\/paroisse-notredame-sannedolon.fr\/index.php\/wp-json\/wp\/v2\/tags?post=5693"}],"curies":[{"name":"wp","href":"https:\/\/api.w.org\/{rel}","templated":true}]}}