{"id":5498,"date":"2020-07-14T06:38:56","date_gmt":"2020-07-14T05:38:56","guid":{"rendered":"https:\/\/paroisse-notredame-sannedolon.fr\/?p=5498"},"modified":"2020-07-14T07:20:39","modified_gmt":"2020-07-14T06:20:39","slug":"dimanche-12-juillet-2020-quinzieme-dimanche-du-temps-ordinaire-a","status":"publish","type":"post","link":"https:\/\/paroisse-notredame-sannedolon.fr\/index.php\/2020\/07\/14\/dimanche-12-juillet-2020-quinzieme-dimanche-du-temps-ordinaire-a\/","title":{"rendered":"DIMANCHE 12 JUILLET 2020. QUINZI\u00c8ME DIMANCHE DU TEMPS ORDINAIRE \u201cA\u201d"},"content":{"rendered":"\n<p style=\"text-align:center\">Isa\u00efe (55, 10-11)&nbsp;; Psaume 64 (65)&nbsp;; Romains (8, 18-23)&nbsp;; Matthieu (13, 1-23)<br><strong>M\u00c9DITATION<\/strong><\/p>\n\n\n\n<p>\u00ab <strong><em>Voici que le semeur sortit pour semer<\/em><\/strong><em>\u2026<\/em> \u00bb. En J\u00e9sus, le Ciel de Dieu rejoint la terre des hommes. Par sa proclamation de l\u2019\u00c9vangile, Bonne Nouvelle, le d\u00e9sir de Dieu est sem\u00e9 dans le c\u0153ur de l\u2019humain. Avec la semence, Parole \u00e9ternelle du P\u00e8re, J\u00e9sus ouvre le monde aux joies de la vraie vie. <em>Verbe de Dieu, J\u00e9sus-Christ, accorde aux hommes et aux femmes de notre temps de communier saintement \u00e0 l\u2019amour divin que ta Parole r\u00e9v\u00e8le&nbsp;: Parole de v\u00e9rit\u00e9 qui lib\u00e8re, Parole de gr\u00e2ce qui sauve, Parole de justice qui convertit<\/em>.<\/p>\n\n\n\n<p>\u00ab&nbsp;<strong><em>Voici que le semeur sortit pour semer<\/em><\/strong>\u2026&nbsp;\u00bb. Comme <em>la pluie et la neige qui descendent des cieux <\/em>et<em> n\u2019y retournent sans avoir abreuv\u00e9 la terre, sans l\u2019avoir f\u00e9cond\u00e9e et l\u2019avoir fait germer\u2026 <\/em>ainsi est le Seigneur qui ne cesse de r\u00e9pandre sur sa cr\u00e9ation les bienfaits de ses b\u00e9n\u00e9dictions. <em>Seigneur, notre unique et seule esp\u00e9rance, accorde \u00e0 ton Eglise d\u2019\u00eatre le sacrement de tes gr\u00e2ces et largesses pour un monde vivant selon la lumi\u00e8re de ta Parole<\/em>.<\/p>\n\n\n\n<p>\u00ab&nbsp;<strong><em>Voici que le semeur sortit pour semer<\/em><\/strong>\u2026&nbsp;\u00bb. Comme <em>la cr\u00e9ation <\/em>qui<em> attend avec impatience la r\u00e9v\u00e9lation des fils de Dieu<\/em>\u2026 ainsi est appel\u00e9 le baptis\u00e9, dans le monde actuel qui <em>g\u00e9mit et passe par les douleurs d\u2019un enfantement qui dure<\/em>, \u00e0 \u00eatre t\u00e9moin de foi qui \u00e9claire, p\u00e8lerin d\u2019esp\u00e9rance qui rel\u00e8ve, pr\u00e9sence d\u2019amour qui \u00e9difie. <em>Esprit Saint, Souffle du P\u00e8re et du Fils, accorde aux chr\u00e9tiens que nous sommes d\u2019ouvrir, ici-bas sur terre, les voies de la conversion authentique<\/em>.<\/p>\n\n\n\n<p> \u00ab&nbsp;<strong><em>Voici que le semeur sortit pour semer<\/em><\/strong>\u2026 \u00bb. De quelle mani\u00e8re, aujourd\u2019hui, je travaille pour que le Nom du Seigneur soit glorifi\u00e9, c\u2019est-\u00e0-dire connu, aim\u00e9 et servi ? Comment, jour apr\u00e8s jour, j\u2019accueille la Parole du Seigneur ? Avec quelles dispositions, d\u2019esprit et de c\u0153ur, je coop\u00e8re aux appels de l\u2019Esprit Saint de Dieu ? Quel semeur, je suis ? Dans un monde qui fatigue vite et perd la force d\u2019avancer, que me dit-elle, cette liturgie de la Parole, de la vertu d\u2019esp\u00e9rance?&nbsp;&nbsp;&nbsp;&nbsp;&nbsp;<br><strong>P\u00e8re Davy B.B.<\/strong>&nbsp;&nbsp;&nbsp;&nbsp;&nbsp;&nbsp;&nbsp;&nbsp;&nbsp;&nbsp;&nbsp;&nbsp;&nbsp;&nbsp;&nbsp;&nbsp;&nbsp;&nbsp;&nbsp;&nbsp;&nbsp;&nbsp;&nbsp;&nbsp;&nbsp;&nbsp;&nbsp;&nbsp;&nbsp;&nbsp;&nbsp;&nbsp;&nbsp;&nbsp;&nbsp;&nbsp;&nbsp;&nbsp;&nbsp;&nbsp;&nbsp;&nbsp;&nbsp;&nbsp;&nbsp;&nbsp;&nbsp;&nbsp;&nbsp;&nbsp;&nbsp;&nbsp;&nbsp;&nbsp;&nbsp;&nbsp;&nbsp;&nbsp;&nbsp;&nbsp;&nbsp;&nbsp;&nbsp;&nbsp;&nbsp;&nbsp;&nbsp;&nbsp;&nbsp;&nbsp;&nbsp;&nbsp;&nbsp;&nbsp;&nbsp;&nbsp;&nbsp;&nbsp;&nbsp;&nbsp;&nbsp;&nbsp;&nbsp;&nbsp;&nbsp;&nbsp;&nbsp;&nbsp;&nbsp;&nbsp;&nbsp;&nbsp;&nbsp;&nbsp;&nbsp;&nbsp;&nbsp;&nbsp; <\/p>\n","protected":false},"excerpt":{"rendered":"<p>Isa\u00efe (55, 10-11)&nbsp;; Psaume 64 (65)&nbsp;; Romains (8, 18-23)&nbsp;; Matthieu (13, 1-23)M\u00c9DITATION \u00ab Voici que le semeur sortit pour semer\u2026 \u00bb. En J\u00e9sus, le Ciel de Dieu rejoint la terre des hommes. Par sa proclamation de l\u2019\u00c9vangile, Bonne Nouvelle, le d\u00e9sir de Dieu est sem\u00e9 dans le c\u0153ur de l\u2019humain. \u2026 <a class=\"continue-reading-link\" href=\"https:\/\/paroisse-notredame-sannedolon.fr\/index.php\/2020\/07\/14\/dimanche-12-juillet-2020-quinzieme-dimanche-du-temps-ordinaire-a\/\">Lire la suite <span class=\"meta-nav\">&rarr; <\/span><\/a><\/p>\n","protected":false},"author":1,"featured_media":0,"comment_status":"open","ping_status":"open","sticky":false,"template":"","format":"standard","meta":{"jetpack_post_was_ever_published":false,"_jetpack_newsletter_access":"","_jetpack_dont_email_post_to_subs":false,"_jetpack_newsletter_tier_id":0,"_jetpack_memberships_contains_paywalled_content":false,"_jetpack_memberships_contains_paid_content":false,"footnotes":"","jetpack_publicize_message":"","jetpack_publicize_feature_enabled":true,"jetpack_social_post_already_shared":true,"jetpack_social_options":{"image_generator_settings":{"template":"highway","default_image_id":0,"font":"","enabled":false},"version":2}},"categories":[15],"tags":[],"class_list":["post-5498","post","type-post","status-publish","format-standard","hentry","category-homelie"],"jetpack_publicize_connections":[],"jetpack_featured_media_url":"","jetpack_sharing_enabled":true,"jetpack_shortlink":"https:\/\/wp.me\/p7rrt2-1qG","_links":{"self":[{"href":"https:\/\/paroisse-notredame-sannedolon.fr\/index.php\/wp-json\/wp\/v2\/posts\/5498","targetHints":{"allow":["GET"]}}],"collection":[{"href":"https:\/\/paroisse-notredame-sannedolon.fr\/index.php\/wp-json\/wp\/v2\/posts"}],"about":[{"href":"https:\/\/paroisse-notredame-sannedolon.fr\/index.php\/wp-json\/wp\/v2\/types\/post"}],"author":[{"embeddable":true,"href":"https:\/\/paroisse-notredame-sannedolon.fr\/index.php\/wp-json\/wp\/v2\/users\/1"}],"replies":[{"embeddable":true,"href":"https:\/\/paroisse-notredame-sannedolon.fr\/index.php\/wp-json\/wp\/v2\/comments?post=5498"}],"version-history":[{"count":2,"href":"https:\/\/paroisse-notredame-sannedolon.fr\/index.php\/wp-json\/wp\/v2\/posts\/5498\/revisions"}],"predecessor-version":[{"id":5500,"href":"https:\/\/paroisse-notredame-sannedolon.fr\/index.php\/wp-json\/wp\/v2\/posts\/5498\/revisions\/5500"}],"wp:attachment":[{"href":"https:\/\/paroisse-notredame-sannedolon.fr\/index.php\/wp-json\/wp\/v2\/media?parent=5498"}],"wp:term":[{"taxonomy":"category","embeddable":true,"href":"https:\/\/paroisse-notredame-sannedolon.fr\/index.php\/wp-json\/wp\/v2\/categories?post=5498"},{"taxonomy":"post_tag","embeddable":true,"href":"https:\/\/paroisse-notredame-sannedolon.fr\/index.php\/wp-json\/wp\/v2\/tags?post=5498"}],"curies":[{"name":"wp","href":"https:\/\/api.w.org\/{rel}","templated":true}]}}