{"id":5428,"date":"2020-05-29T21:10:34","date_gmt":"2020-05-29T20:10:34","guid":{"rendered":"https:\/\/paroisse-notredame-sannedolon.fr\/?p=5428"},"modified":"2020-06-20T21:37:09","modified_gmt":"2020-06-20T20:37:09","slug":"5428","status":"publish","type":"post","link":"https:\/\/paroisse-notredame-sannedolon.fr\/index.php\/2020\/05\/29\/5428\/","title":{"rendered":"Message P\u00e8re Jean-Hugues"},"content":{"rendered":"\n<p>Chers\nparoissiens,<\/p>\n\n\n\n<p>Comme les ap\u00f4tres nous aussi nous recevons cet Esprit de Dieu, par le bapt\u00eame, la confirmation et tous les sacrements, et dans le quotidien de notre vie. <br>C\u2019est cette venue de l\u2019Esprit-Saint sur les ap\u00f4tres le jour de la Pentec\u00f4te, que nous f\u00eaterons dimanche prochain. <br>Comme les ap\u00f4tres nous aussi nous recevons cet Esprit de Dieu, par le bapt\u00eame, la confirmation et tous les sacrements, et dans le quotidien de notre vie.<br>En ce temps de d\u00e9confinement progressif nous pouvons \u00e0 nouveau c\u00e9l\u00e9brer  l\u2019eucharistie dans les \u00e9glises, dans le respect strict des consignes  sanitaires pour \u00e9viter la propagation du virus. <br>Il est important, sans c\u00e9der \u00e0 la panique, de rester vigilants pour se  prot\u00e9ger soi m\u00eame et ceux que nous rencontrons. A chacun de voir le  moment opportun pour sortir de son confinement.  <br>C\u2019est une joie et une gr\u00e2ce pour tous de pouvoir se r\u00e9unir en \u00c9glise, de prier et c\u00e9l\u00e9brer ensemble autrement que par \u00e9cran interpos\u00e9, de communier au corps du Christ. <br>Pour le bon d\u00e9roulement des messes il faut nous organiser en respectant les mesures gouvernementales. <br>Respecter un espace circulaire d\u2019au moins 1 m\u00e8tre de rayon entre les personnes, ce qui limite le nombre de places dans les \u00e9glises, les places disponibles seront donc balis\u00e9es. Les enfants de moins de 11 ans pouvant \u00eatre \u00e0 c\u00f4t\u00e9 des parents.<br>Chacun est invit\u00e9 \u00e0 venir avec un masque \u00e0 porter pendant la c\u00e9l\u00e9bration(et \u00e0 relever le temps de la communion). Nous avons pr\u00e9vu quelques masques pour ceux qui auraient oubli\u00e9 le leur.<br>Se laver les mains avec le gel en entrant et sortant de l\u2019\u00e9glise.  <br>Respecter un espace d\u2019un m\u00e8tre pour les diff\u00e9rentes processions et \u00e9viter tout contact de proximit\u00e9. <br>Limiter les regroupements sur le parvis \u00e0 la sortie de la messe. <\/p>\n\n\n\n<p><strong>Pour la f\u00eate de la Pentec\u00f4te les messes auront lieu<\/strong><br><strong>Samedi 30 mai<\/strong> \u00e0 18h30 \u00e0 l\u2019\u00e9glise Notre Dame des Cit\u00e9s (environ 80 places) <br><strong>Dimanche 31 mai<\/strong> \u00e0  9h00 \u00e0 St Clair du Rh\u00f4ne (170 places), \u00e0 10h30 au P\u00e9age de Roussillon (  80 places), \u00e0 10h30 \u00e0 St Maurice l\u2019Exil ( au moins 100 places) et \u00e0  10h30 \u00e0 Anjou (environ 80 places).  <br>Il y aura \u00e9galement la messe au Carmel de Surieu \u00e0 18h00 (20 places).  <br>Cela permettra \u00e0 tous ceux qui le souhaitent de venir \u00e0 l\u2019une des c\u00e9l\u00e9brations.<br>Les messes de semaine ont repris dans les \u00e9glises selon le planning habituel. <br>La feuille d\u2019annonces du mois de juin sortira dans les prochains jours avec tous les plannings.  <br>Bonne f\u00eate de Pentec\u00f4te \u00e0 tous, unis par la pri\u00e8re.<br>P Jean-Hugues Malraison<\/p>\n","protected":false},"excerpt":{"rendered":"<p>Chers paroissiens, Comme les ap\u00f4tres nous aussi nous recevons cet Esprit de Dieu, par le bapt\u00eame, la confirmation et tous les sacrements, et dans le quotidien de notre vie. C\u2019est cette venue de l\u2019Esprit-Saint sur les ap\u00f4tres le jour de la Pentec\u00f4te, que nous f\u00eaterons dimanche prochain. Comme les ap\u00f4tres \u2026 <a class=\"continue-reading-link\" href=\"https:\/\/paroisse-notredame-sannedolon.fr\/index.php\/2020\/05\/29\/5428\/\">Lire la suite <span class=\"meta-nav\">&rarr; <\/span><\/a><\/p>\n","protected":false},"author":1,"featured_media":0,"comment_status":"open","ping_status":"open","sticky":false,"template":"","format":"standard","meta":{"jetpack_post_was_ever_published":false,"_jetpack_newsletter_access":"","_jetpack_dont_email_post_to_subs":false,"_jetpack_newsletter_tier_id":0,"_jetpack_memberships_contains_paywalled_content":false,"_jetpack_memberships_contains_paid_content":false,"footnotes":"","jetpack_publicize_message":"","jetpack_publicize_feature_enabled":true,"jetpack_social_post_already_shared":true,"jetpack_social_options":{"image_generator_settings":{"template":"highway","default_image_id":0,"font":"","enabled":false},"version":2}},"categories":[1],"tags":[],"class_list":["post-5428","post","type-post","status-publish","format-standard","hentry","category-non-classe"],"jetpack_publicize_connections":[],"jetpack_featured_media_url":"","jetpack_sharing_enabled":true,"jetpack_shortlink":"https:\/\/wp.me\/s7rrt2-5428","_links":{"self":[{"href":"https:\/\/paroisse-notredame-sannedolon.fr\/index.php\/wp-json\/wp\/v2\/posts\/5428","targetHints":{"allow":["GET"]}}],"collection":[{"href":"https:\/\/paroisse-notredame-sannedolon.fr\/index.php\/wp-json\/wp\/v2\/posts"}],"about":[{"href":"https:\/\/paroisse-notredame-sannedolon.fr\/index.php\/wp-json\/wp\/v2\/types\/post"}],"author":[{"embeddable":true,"href":"https:\/\/paroisse-notredame-sannedolon.fr\/index.php\/wp-json\/wp\/v2\/users\/1"}],"replies":[{"embeddable":true,"href":"https:\/\/paroisse-notredame-sannedolon.fr\/index.php\/wp-json\/wp\/v2\/comments?post=5428"}],"version-history":[{"count":3,"href":"https:\/\/paroisse-notredame-sannedolon.fr\/index.php\/wp-json\/wp\/v2\/posts\/5428\/revisions"}],"predecessor-version":[{"id":5441,"href":"https:\/\/paroisse-notredame-sannedolon.fr\/index.php\/wp-json\/wp\/v2\/posts\/5428\/revisions\/5441"}],"wp:attachment":[{"href":"https:\/\/paroisse-notredame-sannedolon.fr\/index.php\/wp-json\/wp\/v2\/media?parent=5428"}],"wp:term":[{"taxonomy":"category","embeddable":true,"href":"https:\/\/paroisse-notredame-sannedolon.fr\/index.php\/wp-json\/wp\/v2\/categories?post=5428"},{"taxonomy":"post_tag","embeddable":true,"href":"https:\/\/paroisse-notredame-sannedolon.fr\/index.php\/wp-json\/wp\/v2\/tags?post=5428"}],"curies":[{"name":"wp","href":"https:\/\/api.w.org\/{rel}","templated":true}]}}