{"id":5404,"date":"2020-05-13T10:32:17","date_gmt":"2020-05-13T09:32:17","guid":{"rendered":"https:\/\/paroisse-notredame-sannedolon.fr\/?p=5404"},"modified":"2020-06-20T21:39:26","modified_gmt":"2020-06-20T20:39:26","slug":"5404","status":"publish","type":"post","link":"https:\/\/paroisse-notredame-sannedolon.fr\/index.php\/2020\/05\/13\/5404\/","title":{"rendered":"12 mai : Message du P\u00e8re Jean-Hugues"},"content":{"rendered":"\n<p>Chers paroissiens,<br> <br>Cette semaine nous voici entr\u00e9s dans le d\u00e9but du commencement de la premi\u00e8re phase des prol\u00e9gom\u00e8nes du d\u00e9confinement. Si des portes s\u2019entrouvrent il nous faut cependant rester encore tr\u00e8s vigilants pour \u00e9viter la propagation du virus et la contamination de nouvelles personnes et ne sortir qu\u2019avec prudence et selon les n\u00e9cessit\u00e9s. C\u2019est pourquoi tout ne peut pas se faire, la circulation et les r\u00e9unions sont encore encadr\u00e9es.  <br>Les supermarch\u00e9s, les commerces et autres temples de la consommations pourront recevoir du public qui se croisera dans les all\u00e9es, il n\u2019en n\u2019est pas de m\u00eame pour nos \u00e9glises, qui sont bien entendu pour les autorit\u00e9s des lieux \u00e0 haut risque ! \u00ab La pri\u00e8re se fait dans son rapport entre celui que l\u2019on c\u00e9l\u00e8bre et soi-m\u00eame, et n\u2019a pas forc\u00e9ment besoin de lieux de rassemblements o\u00f9 l\u2019on ferait courir un risque \u00e0 l\u2019ensemble de la communaut\u00e9 religieuse, \u00bb nous dit le ministre de l\u2019int\u00e9rieur ministre des cultes, Christophe Castaner.  <br>Il est donc toujours interdit de se rassembler et c\u00e9l\u00e9brer dans les \u00e9glises hormis pour les fun\u00e9railles dans la limite de 20 personnes maximum.<br>Ceci doit durer jusqu\u2019au 3 juin o\u00f9 nous entrerons dans une deuxi\u00e8me phase du d\u00e9confinement, s\u2019il n\u2019y a pas de retour en arri\u00e8re d\u2019ici l\u00e0 et avec peut-\u00eatre l\u2019espoir de pouvoir c\u00e9l\u00e9brer la Pentec\u00f4te le 31 mai dans nos \u00e9glises avec une assembl\u00e9e plus nombreuse. ( r\u00e9compense pour bon comportement ? )<br> D\u2019ici l\u00e0, les d\u00e9placements n\u2019\u00e9tant plus encadr\u00e9s et \u00e0 justifier, les rassemblements dans des lieux priv\u00e9s sont autoris\u00e9s \u00e0 concurrence de 10 personnes maximum. Dans ce contexte notre \u00e9v\u00eaque, Mgr de Kerimel invite les pr\u00eatres \u00e0 sortir et aller \u00e0 la rencontre des gens, dans la limite des rassemblements autoris\u00e9s en respectant les recommandations sanitaires, il invite \u00e9galement \u00e0 visiter les personnes \u00e2g\u00e9es ou malades.  <br>\u00ab L\u2019eucharistie pourrait \u00eatre c\u00e9l\u00e9br\u00e9e si l\u2019espace et les circonstances s\u2019y pr\u00eatent, pour des petits groupes de dix personnes en tout (pr\u00eatre compris), \u00e0 condition que la dimension eccl\u00e9siale soit bien respect\u00e9e. \/ On pourra c\u00e9l\u00e9brer la messe dans des oratoires priv\u00e9s mais pas dans les \u00e9glises, puisqu\u2019il y a interdiction officielle de c\u00e9l\u00e9brer le culte public. \u00bb,<br>dit notre \u00e9v\u00eaque.  <br>Concr\u00e8tement sur nos deux paroisses pendant le mois de mai :<br> il y aura 4 p\u00f4les de messes dominicales, avec 9 personnes et le c\u00e9l\u00e9brant, dans des salles paroissiales adapt\u00e9es, \u00e0 savoir la maison paroissiale d\u2019Anjou, la salle des Cit\u00e9s \u00e0 Roussillon, la maison paroissiale du P\u00e9age, la cure des Roches de Condrieu.<br>Dans chaque lieu une messe \u00e0 9h00 et une messe \u00e0 10h30 les dimanches 17 et 24 mai ainsi que pour l\u2019Ascension le jeudi 21 mai.<br>Il y aura \u00e9galement des messes en semaine dans les m\u00eame conditions, le mardi \u00e0 9h00 \u00e0 la salle attenante de l\u2019\u00e9glise de St Clair, le mercredi \u00e0 9h00 \u00e0 la maison paroissiale d\u2019Anjou<br> et \u00e0 18h00 \u00e0 la cure des Roches, le jeudi \u00e0 9h00 \u00e0 la maison paroissiale du P\u00e9age, le vendredi \u00e0 9h00 \u00e0 la salle des Cit\u00e9s \u00e0 Roussillon.<br>Pour venir il est indispensable de s\u2019inscrire en appelant \u00e0 l\u2019avance les responsables des lieux, selon les modalit\u00e9s envoy\u00e9es par mail et mises sur le site des paroisses.<br>Pour que le plus grand nombre puisse participer \u00e0 la messe soit en semaine soit le dimanche, il est demand\u00e9 \u00e0 chaque personne de ne s\u2019inscrire pour l\u2019instant qu\u2019une seule fois dans cette p\u00e9riode.<br>Voil\u00e0 comment aborder ce temps en \u00c9glise et dans la foi au Christ ressuscit\u00e9.<br>Soyons unis dans la pri\u00e8re, la confiance et l\u2019esp\u00e9rance. <br><br> P\u00e8re Jean-Hugues Malraison <\/p>\n\n\n\n<p><br><\/p>\n","protected":false},"excerpt":{"rendered":"<p>Chers paroissiens, Cette semaine nous voici entr\u00e9s dans le d\u00e9but du commencement de la premi\u00e8re phase des prol\u00e9gom\u00e8nes du d\u00e9confinement. Si des portes s\u2019entrouvrent il nous faut cependant rester encore tr\u00e8s vigilants pour \u00e9viter la propagation du virus et la contamination de nouvelles personnes et ne sortir qu\u2019avec prudence et \u2026 <a class=\"continue-reading-link\" href=\"https:\/\/paroisse-notredame-sannedolon.fr\/index.php\/2020\/05\/13\/5404\/\">Lire la suite <span class=\"meta-nav\">&rarr; <\/span><\/a><\/p>\n","protected":false},"author":1,"featured_media":0,"comment_status":"open","ping_status":"open","sticky":false,"template":"","format":"standard","meta":{"jetpack_post_was_ever_published":false,"_jetpack_newsletter_access":"","_jetpack_dont_email_post_to_subs":false,"_jetpack_newsletter_tier_id":0,"_jetpack_memberships_contains_paywalled_content":false,"_jetpack_memberships_contains_paid_content":false,"footnotes":"","jetpack_publicize_message":"","jetpack_publicize_feature_enabled":true,"jetpack_social_post_already_shared":true,"jetpack_social_options":{"image_generator_settings":{"template":"highway","default_image_id":0,"font":"","enabled":false},"version":2}},"categories":[1],"tags":[],"class_list":["post-5404","post","type-post","status-publish","format-standard","hentry","category-non-classe"],"jetpack_publicize_connections":[],"jetpack_featured_media_url":"","jetpack_sharing_enabled":true,"jetpack_shortlink":"https:\/\/wp.me\/s7rrt2-5404","_links":{"self":[{"href":"https:\/\/paroisse-notredame-sannedolon.fr\/index.php\/wp-json\/wp\/v2\/posts\/5404","targetHints":{"allow":["GET"]}}],"collection":[{"href":"https:\/\/paroisse-notredame-sannedolon.fr\/index.php\/wp-json\/wp\/v2\/posts"}],"about":[{"href":"https:\/\/paroisse-notredame-sannedolon.fr\/index.php\/wp-json\/wp\/v2\/types\/post"}],"author":[{"embeddable":true,"href":"https:\/\/paroisse-notredame-sannedolon.fr\/index.php\/wp-json\/wp\/v2\/users\/1"}],"replies":[{"embeddable":true,"href":"https:\/\/paroisse-notredame-sannedolon.fr\/index.php\/wp-json\/wp\/v2\/comments?post=5404"}],"version-history":[{"count":2,"href":"https:\/\/paroisse-notredame-sannedolon.fr\/index.php\/wp-json\/wp\/v2\/posts\/5404\/revisions"}],"predecessor-version":[{"id":5406,"href":"https:\/\/paroisse-notredame-sannedolon.fr\/index.php\/wp-json\/wp\/v2\/posts\/5404\/revisions\/5406"}],"wp:attachment":[{"href":"https:\/\/paroisse-notredame-sannedolon.fr\/index.php\/wp-json\/wp\/v2\/media?parent=5404"}],"wp:term":[{"taxonomy":"category","embeddable":true,"href":"https:\/\/paroisse-notredame-sannedolon.fr\/index.php\/wp-json\/wp\/v2\/categories?post=5404"},{"taxonomy":"post_tag","embeddable":true,"href":"https:\/\/paroisse-notredame-sannedolon.fr\/index.php\/wp-json\/wp\/v2\/tags?post=5404"}],"curies":[{"name":"wp","href":"https:\/\/api.w.org\/{rel}","templated":true}]}}