{"id":5152,"date":"2020-03-21T20:04:06","date_gmt":"2020-03-21T19:04:06","guid":{"rendered":"https:\/\/paroisse-notredame-sannedolon.fr\/?p=5152"},"modified":"2020-05-31T08:05:21","modified_gmt":"2020-05-31T07:05:21","slug":"homelie-du-4e-dimanche-de-careme","status":"publish","type":"post","link":"https:\/\/paroisse-notredame-sannedolon.fr\/index.php\/2020\/03\/21\/homelie-du-4e-dimanche-de-careme\/","title":{"rendered":"HOM\u00c9LIE DU 4e DIMANCHE DE CAR\u00caME"},"content":{"rendered":"\n<p style=\"background-color:#9600a3\" class=\"has-text-color has-background has-very-light-gray-color\">Ce dimanche, qui se trouve au milieu du Car\u00eame, est celui de la joie (cf. Ant. d\u2019ouv.). Joie de voir d\u00e9j\u00e0 la lumi\u00e8re de P\u00e2ques poindre \u00e0 l\u2019horizon, joie aussi de ceux qui se reconnaissent en l\u2019aveugle de naissance de l\u2019\u00c9vangile gu\u00e9ri par J\u00e9sus, qui lui donne la lumi\u00e8re de la foi.<\/p>\n\n\n\n<p style=\"background-color:#9600a3\" class=\"has-text-color has-background has-very-light-gray-color\">J\u00e9sus\ngu\u00e9rit doublement cet aveugle&nbsp;:&nbsp;en refaisant pour lui le geste du\ncr\u00e9ateur, il lui rend d\u2019abord la vue pour qu\u2019il voie les personnes et le monde\nqui l\u2019entourent&nbsp;; il ouvre ensuite \u00e0 cet homme n\u00e9 dans les t\u00e9n\u00e8bres,\nsymbole de l\u2019humanit\u00e9 plong\u00e9e dans la nuit de l\u2019incroyance, les yeux de la foi.<\/p>\n\n\n\n<figure class=\"wp-block-image\"><img fetchpriority=\"high\" decoding=\"async\" width=\"1024\" height=\"683\" data-attachment-id=\"5153\" data-permalink=\"https:\/\/paroisse-notredame-sannedolon.fr\/index.php\/2020\/03\/21\/homelie-du-4e-dimanche-de-careme\/jesus-guerit-un-aveugle-de-naissance\/\" data-orig-file=\"https:\/\/paroisse-notredame-sannedolon.fr\/mypress\/wp-content\/uploads\/2020\/03\/jesus-guerit-un-aveugle-de-naissance.jpg\" data-orig-size=\"1200,800\" data-comments-opened=\"1\" data-image-meta=\"{&quot;aperture&quot;:&quot;0&quot;,&quot;credit&quot;:&quot;&quot;,&quot;camera&quot;:&quot;&quot;,&quot;caption&quot;:&quot;&quot;,&quot;created_timestamp&quot;:&quot;0&quot;,&quot;copyright&quot;:&quot;&quot;,&quot;focal_length&quot;:&quot;0&quot;,&quot;iso&quot;:&quot;0&quot;,&quot;shutter_speed&quot;:&quot;0&quot;,&quot;title&quot;:&quot;&quot;,&quot;orientation&quot;:&quot;0&quot;}\" data-image-title=\"jesus-guerit un aveugle de naissance\" data-image-description=\"\" data-image-caption=\"\" data-large-file=\"https:\/\/paroisse-notredame-sannedolon.fr\/mypress\/wp-content\/uploads\/2020\/03\/jesus-guerit-un-aveugle-de-naissance-1024x683.jpg\" src=\"https:\/\/paroisse-notredame-sannedolon.fr\/mypress\/wp-content\/uploads\/2020\/03\/jesus-guerit-un-aveugle-de-naissance-1024x683.jpg\" alt=\"\" class=\"wp-image-5153\" srcset=\"https:\/\/paroisse-notredame-sannedolon.fr\/mypress\/wp-content\/uploads\/2020\/03\/jesus-guerit-un-aveugle-de-naissance-1024x683.jpg 1024w, https:\/\/paroisse-notredame-sannedolon.fr\/mypress\/wp-content\/uploads\/2020\/03\/jesus-guerit-un-aveugle-de-naissance-300x200.jpg 300w, https:\/\/paroisse-notredame-sannedolon.fr\/mypress\/wp-content\/uploads\/2020\/03\/jesus-guerit-un-aveugle-de-naissance-600x400.jpg 600w, https:\/\/paroisse-notredame-sannedolon.fr\/mypress\/wp-content\/uploads\/2020\/03\/jesus-guerit-un-aveugle-de-naissance-150x100.jpg 150w, https:\/\/paroisse-notredame-sannedolon.fr\/mypress\/wp-content\/uploads\/2020\/03\/jesus-guerit-un-aveugle-de-naissance.jpg 1200w\" sizes=\"(max-width: 1024px) 100vw, 1024px\" \/><\/figure>\n\n\n\n<p style=\"background-color:#9600a3\" class=\"has-text-color has-background has-very-light-gray-color\">Il\ny a lieu d\u2019admirer l\u2019\u00e9volution de la gu\u00e9rison spirituelle de l\u2019aveugle. Il\nparle d\u2019abord de \u00ab&nbsp;l\u2019homme qu\u2019on appelle J\u00e9sus&nbsp;\u00bb&nbsp;; ensuite, il\nvoit en lui \u00ab&nbsp;un proph\u00e8te&nbsp;\u00bb&nbsp;; apr\u00e8s il reconna\u00eet qu\u2019il est\n\u00ab&nbsp;le Fils de l\u2019homme&nbsp;\u00bb&nbsp;; enfin, J\u00e9sus est pour lui\n\u00ab&nbsp;Seigneur&nbsp;\u00bb. La formule&nbsp;du miracul\u00e9 : \u00ab&nbsp;Je crois, Seigneur&nbsp;!&nbsp;\u00bb\n(Jn 9, 38a), avant de se prosterner devant J\u00e9sus, correspond plus ou moins \u00e0\nceci&nbsp;: \u00ab&nbsp;J\u2019\u00e9tais aveugle, mais maintenant je vois. Pas seulement avec\nles yeux de chair, mais avec les yeux de la foi&nbsp;\u00bb. Le voil\u00e0 pass\u00e9\n\u00ab&nbsp;de l\u2019ignorance \u00e0 la confiance, de la peur \u00e0 la joie. Acceptant de se\nlaisser envoyer \u00e0 la piscine de Silo\u00e9, il est recr\u00e9\u00e9 par l\u2019eau qui\nr\u00e9g\u00e9n\u00e8re&nbsp;\u00bb.<\/p>\n\n\n\n<p style=\"background-color:#9600a3\" class=\"has-text-color has-background has-very-light-gray-color\">Je crois que c\u2019est \u00e0 cela que tous, vous et moi, nous sommes invit\u00e9s. C\u2019est-\u00e0-dire, comme cet homme, \u00e0 passer des t\u00e9n\u00e8bres de l\u2019incroyance \u00e0 la lumi\u00e8re de la foi. Plus exactement, \u00e0 voir les gens, les \u00e9v\u00e9nements, notre vie, l\u2019histoire de l\u2019humanit\u00e9, la vie et la mission de l\u2019\u00c9glise avec \u00ab les yeux de Dieu \u00bb ; \u00e0 avoir un regard bienveillant, un regard qui s\u2019attache \u00e0 discerner, avant toutes choses, ce qui est beau, ce qui est bien, et, gr\u00e2ce \u00e0 ce nouveau regard, devenir capables de combattre ce qui est mal. Avoir ce regard de Dieu sur le monde qui nous entoure, nous laisser \u00e9clairer par la lumi\u00e8re de la foi et \u00ab t\u00e9moigner de l\u2019illumination du Christ dans nos vies \u00e0 la fa\u00e7on de l\u2019aveugle-n\u00e9 \u00bb, voil\u00e0, me semble-t-il, l\u2019essentiel de ce dimanche.<\/p>\n\n\n\n<p style=\"background-color:#9600a3\" class=\"has-text-color has-background has-very-light-gray-color\">Le jour de notre bapt\u00eame, nous avons re\u00e7u l\u2019Esprit de foi, la lumi\u00e8re d\u2019en haut pour vivre en enfants de Dieu, en \u00ab enfants de lumi\u00e8re \u00bb. Saint Paul nous le rappelle dans sa lettre aux \u00c9ph\u00e9siens : \u00ab Autrefois, vous \u00e9tiez t\u00e9n\u00e8bres ; maintenant, dans le Seigneur, vous \u00eates lumi\u00e8re ; conduisez-vous comme des enfants de lumi\u00e8re \u2013 or la lumi\u00e8re a pour fruit tout ce qui est bont\u00e9, justice et v\u00e9rit\u00e9 \u2013 et sachez reconna\u00eetre ce qui est capable de plaire au Seigneur \u00bb (Ep 5, 8-10).&nbsp;&nbsp; <\/p>\n\n\n\n<p style=\"background-color:#9600a3\" class=\"has-text-color has-background has-very-light-gray-color\">En cette p\u00e9riode d\u2019\u00e9pid\u00e9mie, nous sommes comparables au mendiant n\u00e9 aveugle de l\u2019\u00c9vangile d\u2019aujourd\u2019hui. Comme lui, nous avons besoin de gu\u00e9rison. Nous sommes appel\u00e9s \u00e0 nous approcher davantage de Dieu et \u00e0 d\u00e9couvrir sa volont\u00e9. Dans notre contexte, point n\u2019est besoin de s\u2019attarder \u00e0 poser des questions du genre : \u00ab Rabbi, qui a p\u00e9ch\u00e9 [\u2026] pour qu\u2019il soit n\u00e9 aveugle ? \u00bb Il nous faut tout simplement prendre conscience de \u00ab la fragilit\u00e9 de la vie humaine, expos\u00e9e \u00e0 l\u2019impr\u00e9visible \u00bb et nous confier au Seigneur.&nbsp; L\u2019aveugle gu\u00e9ri l\u2019a bien compris, et son t\u00e9moignage doit nous stimuler : \u00ab Dieu [\u2026] n\u2019exauce pas les p\u00e9cheurs, mais si quelqu\u2019un l\u2019honore et fait sa volont\u00e9, il l\u2019exauce \u00bb (Jn 9, 31). Ce qui importe, c\u2019est de faire p\u00e9nitence (cf. Lc 13, 3). La p\u00e9nitence, comme signe de conversion, de repentir, est n\u00e9cessaire au salut. <\/p>\n\n\n\n<figure class=\"wp-block-image is-resized\"><img decoding=\"async\" data-attachment-id=\"5154\" data-permalink=\"https:\/\/paroisse-notredame-sannedolon.fr\/index.php\/2020\/03\/21\/homelie-du-4e-dimanche-de-careme\/laveugle-se-prosterne-devant-jesus\/\" data-orig-file=\"https:\/\/paroisse-notredame-sannedolon.fr\/mypress\/wp-content\/uploads\/2020\/03\/laveugle-se-prosterne-devant-jesus.jpg\" data-orig-size=\"300,180\" data-comments-opened=\"1\" data-image-meta=\"{&quot;aperture&quot;:&quot;0&quot;,&quot;credit&quot;:&quot;&quot;,&quot;camera&quot;:&quot;&quot;,&quot;caption&quot;:&quot;&quot;,&quot;created_timestamp&quot;:&quot;0&quot;,&quot;copyright&quot;:&quot;&quot;,&quot;focal_length&quot;:&quot;0&quot;,&quot;iso&quot;:&quot;0&quot;,&quot;shutter_speed&quot;:&quot;0&quot;,&quot;title&quot;:&quot;&quot;,&quot;orientation&quot;:&quot;0&quot;}\" data-image-title=\"l&amp;rsquo;aveugle se prosterne devant jesus\" data-image-description=\"\" data-image-caption=\"\" data-large-file=\"https:\/\/paroisse-notredame-sannedolon.fr\/mypress\/wp-content\/uploads\/2020\/03\/laveugle-se-prosterne-devant-jesus.jpg\" src=\"https:\/\/paroisse-notredame-sannedolon.fr\/mypress\/wp-content\/uploads\/2020\/03\/laveugle-se-prosterne-devant-jesus.jpg\" alt=\"\" class=\"wp-image-5154\" width=\"592\" height=\"355\" srcset=\"https:\/\/paroisse-notredame-sannedolon.fr\/mypress\/wp-content\/uploads\/2020\/03\/laveugle-se-prosterne-devant-jesus.jpg 300w, https:\/\/paroisse-notredame-sannedolon.fr\/mypress\/wp-content\/uploads\/2020\/03\/laveugle-se-prosterne-devant-jesus-150x90.jpg 150w\" sizes=\"(max-width: 592px) 100vw, 592px\" \/><\/figure>\n\n\n\n<p> En cette p\u00e9riode de Car\u00eame, puissions-nous, en suivant l\u2019exemple de l\u2019aveugle de naissance, nous laisser \u00e9clairer par la lumi\u00e8re du Christ. Ainsi nous pourrons le conna\u00eetre mieux, l\u2019aimer davantage et le servir plus fid\u00e8lement.&nbsp;&nbsp;&nbsp;<br> .&nbsp;&nbsp;&nbsp;&nbsp;&nbsp;&nbsp;&nbsp;&nbsp;&nbsp;&nbsp;&nbsp;&nbsp;&nbsp;&nbsp;&nbsp;&nbsp;&nbsp;&nbsp;&nbsp;&nbsp;&nbsp;&nbsp;&nbsp;&nbsp; <strong>P\u00e8re Basile Nzereka Mulewa<\/strong><br>&nbsp;&nbsp;&nbsp;&nbsp;&nbsp;&nbsp;&nbsp;&nbsp;&nbsp;&nbsp;&nbsp;&nbsp;&nbsp;&nbsp;&nbsp;&nbsp;&nbsp;&nbsp;&nbsp;&nbsp;&nbsp;  <\/p>\n","protected":false},"excerpt":{"rendered":"<p>Ce dimanche, qui se trouve au milieu du Car\u00eame, est celui de la joie (cf. Ant. d\u2019ouv.). Joie de voir d\u00e9j\u00e0 la lumi\u00e8re de P\u00e2ques poindre \u00e0 l\u2019horizon, joie aussi de ceux qui se reconnaissent en l\u2019aveugle de naissance de l\u2019\u00c9vangile gu\u00e9ri par J\u00e9sus, qui lui donne la lumi\u00e8re de \u2026 <a class=\"continue-reading-link\" href=\"https:\/\/paroisse-notredame-sannedolon.fr\/index.php\/2020\/03\/21\/homelie-du-4e-dimanche-de-careme\/\">Lire la suite <span class=\"meta-nav\">&rarr; <\/span><\/a><\/p>\n","protected":false},"author":1,"featured_media":0,"comment_status":"open","ping_status":"open","sticky":false,"template":"","format":"standard","meta":{"jetpack_post_was_ever_published":false,"_jetpack_newsletter_access":"","_jetpack_dont_email_post_to_subs":false,"_jetpack_newsletter_tier_id":0,"_jetpack_memberships_contains_paywalled_content":false,"_jetpack_memberships_contains_paid_content":false,"footnotes":"","jetpack_publicize_message":"","jetpack_publicize_feature_enabled":true,"jetpack_social_post_already_shared":true,"jetpack_social_options":{"image_generator_settings":{"template":"highway","default_image_id":0,"font":"","enabled":false},"version":2}},"categories":[15],"tags":[],"class_list":["post-5152","post","type-post","status-publish","format-standard","hentry","category-homelie"],"jetpack_publicize_connections":[],"jetpack_featured_media_url":"","jetpack_sharing_enabled":true,"jetpack_shortlink":"https:\/\/wp.me\/p7rrt2-1l6","_links":{"self":[{"href":"https:\/\/paroisse-notredame-sannedolon.fr\/index.php\/wp-json\/wp\/v2\/posts\/5152","targetHints":{"allow":["GET"]}}],"collection":[{"href":"https:\/\/paroisse-notredame-sannedolon.fr\/index.php\/wp-json\/wp\/v2\/posts"}],"about":[{"href":"https:\/\/paroisse-notredame-sannedolon.fr\/index.php\/wp-json\/wp\/v2\/types\/post"}],"author":[{"embeddable":true,"href":"https:\/\/paroisse-notredame-sannedolon.fr\/index.php\/wp-json\/wp\/v2\/users\/1"}],"replies":[{"embeddable":true,"href":"https:\/\/paroisse-notredame-sannedolon.fr\/index.php\/wp-json\/wp\/v2\/comments?post=5152"}],"version-history":[{"count":3,"href":"https:\/\/paroisse-notredame-sannedolon.fr\/index.php\/wp-json\/wp\/v2\/posts\/5152\/revisions"}],"predecessor-version":[{"id":5170,"href":"https:\/\/paroisse-notredame-sannedolon.fr\/index.php\/wp-json\/wp\/v2\/posts\/5152\/revisions\/5170"}],"wp:attachment":[{"href":"https:\/\/paroisse-notredame-sannedolon.fr\/index.php\/wp-json\/wp\/v2\/media?parent=5152"}],"wp:term":[{"taxonomy":"category","embeddable":true,"href":"https:\/\/paroisse-notredame-sannedolon.fr\/index.php\/wp-json\/wp\/v2\/categories?post=5152"},{"taxonomy":"post_tag","embeddable":true,"href":"https:\/\/paroisse-notredame-sannedolon.fr\/index.php\/wp-json\/wp\/v2\/tags?post=5152"}],"curies":[{"name":"wp","href":"https:\/\/api.w.org\/{rel}","templated":true}]}}