{"id":4196,"date":"2019-03-19T14:50:55","date_gmt":"2019-03-19T13:50:55","guid":{"rendered":"https:\/\/paroisse-notredame-sannedolon.fr\/?p=4196"},"modified":"2019-03-19T22:55:45","modified_gmt":"2019-03-19T21:55:45","slug":"les-couleurs-des-temps-liturgiques-2","status":"publish","type":"post","link":"https:\/\/paroisse-notredame-sannedolon.fr\/index.php\/2019\/03\/19\/les-couleurs-des-temps-liturgiques-2\/","title":{"rendered":"Les couleurs des temps liturgiques"},"content":{"rendered":"\n<p>Le fond de couleur de l\u2019ent\u00eate de notre site internet change selon le temps liturgique o\u00f9 nous sommes.Petit rappel :Au XVI\u00b0 si\u00e8cle, avec le Concile de Trente il est admis cinq couleurs, d\u00e9j\u00e0 utilis\u00e9es depuis longtemps : <\/p>\n\n\n\n<p>le blanc, le rouge, le vert, le violet, le noir. Ces couleurs sont signifiantes car elles expriment la f\u00eate, la passion, l\u2019esp\u00e9rance, la p\u00e9nitence, le deuil.C\u2019est au XIX\u00b0 si\u00e8cle que ces couleurs liturgiques ont \u00e9t\u00e9 d\u00e9finitivement codifi\u00e9es.Il y a \u00e9galement une tradition de couleur rose pour certains dimanches de l\u2019Avent et du Car\u00eame et de couleur bleue pour les f\u00eates mariales.<\/p>\n\n\n\n<div class=\"wp-block-media-text alignwide\" style=\"grid-template-columns:30% auto\"><figure class=\"wp-block-media-text__media\"><img decoding=\"async\" src=\"https:\/\/paroisse-notredame-sannedolon.fr\/mypress\/wp-content\/uploads\/2018\/09\/IMG_0066-683x1024.jpg\" alt=\"\" class=\"wp-image-3539\"\/><\/figure><div class=\"wp-block-media-text__content\">\n<p style=\"font-size:14px\"> <strong>Le vert\u00a0:<\/strong> Couleur liturgique du temps ordinaire, \u00e9voquant la croissance de l\u2019\u00c9glise, gr\u00e2ce \u00e0 la s\u00e8ve venue de Dieu.Le Violet\u00a0: Dans la liturgie, le violet est la couleur des temps de p\u00e9nitence (Avent et Car\u00eame)\u00a0; on l\u2019uti\u00adlise aussi pour les c\u00e9l\u00e9brations p\u00e9nitentielles, ainsi que pour les offices des d\u00e9funts <\/p>\n<\/div><\/div>\n\n\n\n<p><strong> <\/strong><\/p>\n\n\n\n<div class=\"wp-block-media-text alignwide\"><figure class=\"wp-block-media-text__media\"><img decoding=\"async\" src=\"https:\/\/paroisse-notredame-sannedolon.fr\/mypress\/wp-content\/uploads\/2019\/02\/IMG_9036-1024x683.jpg\" alt=\"\" class=\"wp-image-4004\"\/><\/figure><div class=\"wp-block-media-text__content\">\n<p style=\"font-size:14px\"><strong> Le rouge\u00a0:<\/strong> Couleur liturgique qui \u00e9voque le sang ou le feu. Elle est utilis\u00e9e le dimanche de la Passion (ou dimanche des Rameaux), le Ven\u00addredi saint, le jour de la Pentec\u00f4te et aux messes en l\u2019honneur du Saint-Esprit, en la f\u00eate de l\u2019Exaltation de la sainte Croix le 14 sep\u00adtembre, aux f\u00eates des Ap\u00f4tres et \u00e9vang\u00e9listes, et aux f\u00eates des saints martyrs. <\/p>\n<\/div><\/div>\n\n\n\n<div class=\"wp-block-media-text alignwide has-media-on-the-right\"><figure class=\"wp-block-media-text__media\"><img decoding=\"async\" src=\"https:\/\/paroisse-notredame-sannedolon.fr\/mypress\/wp-content\/uploads\/2018\/06\/DSC00655-1024x768.jpg\" alt=\"\" class=\"wp-image-3237\"\/><\/figure><div class=\"wp-block-media-text__content\">\n<p style=\"font-size:14px\"> <strong>Le blanc\u00a0:<\/strong> Couleur liturgique des ornements utilis\u00e9s au temps de No\u00ebl et au temps pascal. On la retrouve aux f\u00eates de la d\u00e9dicace, de la Vierge Marie, des anges, des pasteurs, des docteurs de l\u2019\u00c9glise, des saints et des saintes qui ne sont pas martyrs. Le blanc \u00e9voque la puret\u00e9, mais plus encore la Gloire divine et l\u2019\u00e9clat de tout ce qui touche \u00e0 Dieu. C\u2019est la couleur de la r\u00e9surrection. <\/p>\n<\/div><\/div>\n\n\n\n<p><strong> Le noir\u00a0:<\/strong> Peut \u00eatre utilis\u00e9e lors des messes d\u2019enterrement et le 2 novembre (comm\u00e9moration des d\u00e9funts). Parfois le violet remplace le noir. <\/p>\n\n\n\n<div class=\"wp-block-media-text alignwide\"><figure class=\"wp-block-media-text__media\"><img decoding=\"async\" src=\"https:\/\/paroisse-notredame-sannedolon.fr\/mypress\/wp-content\/uploads\/2017\/12\/IMGP0010-680x1024.jpg\" alt=\"\" class=\"wp-image-2519\"\/><\/figure><div class=\"wp-block-media-text__content\">\n<p style=\"font-size:14px\"> <strong>Le rose\u00a0:<\/strong> La couleur rose est port\u00e9e moins fr\u00e9quemment que les autres couleurs et utilis\u00e9e 2 fois par an, pour les dimanches de Laetare (4eme dimanche de Car\u00eame) et de Gaudete (3eme dimanche de l\u2019Avent). <\/p>\n<\/div><\/div>\n","protected":false},"excerpt":{"rendered":"<p>Le fond de couleur de l\u2019ent\u00eate de notre site internet change selon le temps liturgique o\u00f9 nous sommes.Petit rappel :Au XVI\u00b0 si\u00e8cle, avec le Concile de Trente il est admis cinq couleurs, d\u00e9j\u00e0 utilis\u00e9es depuis longtemps : le blanc, le rouge, le vert, le violet, le noir. Ces couleurs sont \u2026 <a class=\"continue-reading-link\" href=\"https:\/\/paroisse-notredame-sannedolon.fr\/index.php\/2019\/03\/19\/les-couleurs-des-temps-liturgiques-2\/\">Lire la suite <span class=\"meta-nav\">&rarr; <\/span><\/a><\/p>\n","protected":false},"author":1,"featured_media":0,"comment_status":"open","ping_status":"open","sticky":false,"template":"","format":"standard","meta":{"jetpack_post_was_ever_published":false,"_jetpack_newsletter_access":"","_jetpack_dont_email_post_to_subs":false,"_jetpack_newsletter_tier_id":0,"_jetpack_memberships_contains_paywalled_content":false,"_jetpack_memberships_contains_paid_content":false,"footnotes":"","jetpack_publicize_message":"","jetpack_publicize_feature_enabled":true,"jetpack_social_post_already_shared":true,"jetpack_social_options":{"image_generator_settings":{"template":"highway","default_image_id":0,"font":"","enabled":false},"version":2}},"categories":[1],"tags":[],"class_list":["post-4196","post","type-post","status-publish","format-standard","hentry","category-non-classe"],"jetpack_publicize_connections":[],"jetpack_featured_media_url":"","jetpack_sharing_enabled":true,"jetpack_shortlink":"https:\/\/wp.me\/p7rrt2-15G","_links":{"self":[{"href":"https:\/\/paroisse-notredame-sannedolon.fr\/index.php\/wp-json\/wp\/v2\/posts\/4196","targetHints":{"allow":["GET"]}}],"collection":[{"href":"https:\/\/paroisse-notredame-sannedolon.fr\/index.php\/wp-json\/wp\/v2\/posts"}],"about":[{"href":"https:\/\/paroisse-notredame-sannedolon.fr\/index.php\/wp-json\/wp\/v2\/types\/post"}],"author":[{"embeddable":true,"href":"https:\/\/paroisse-notredame-sannedolon.fr\/index.php\/wp-json\/wp\/v2\/users\/1"}],"replies":[{"embeddable":true,"href":"https:\/\/paroisse-notredame-sannedolon.fr\/index.php\/wp-json\/wp\/v2\/comments?post=4196"}],"version-history":[{"count":5,"href":"https:\/\/paroisse-notredame-sannedolon.fr\/index.php\/wp-json\/wp\/v2\/posts\/4196\/revisions"}],"predecessor-version":[{"id":4205,"href":"https:\/\/paroisse-notredame-sannedolon.fr\/index.php\/wp-json\/wp\/v2\/posts\/4196\/revisions\/4205"}],"wp:attachment":[{"href":"https:\/\/paroisse-notredame-sannedolon.fr\/index.php\/wp-json\/wp\/v2\/media?parent=4196"}],"wp:term":[{"taxonomy":"category","embeddable":true,"href":"https:\/\/paroisse-notredame-sannedolon.fr\/index.php\/wp-json\/wp\/v2\/categories?post=4196"},{"taxonomy":"post_tag","embeddable":true,"href":"https:\/\/paroisse-notredame-sannedolon.fr\/index.php\/wp-json\/wp\/v2\/tags?post=4196"}],"curies":[{"name":"wp","href":"https:\/\/api.w.org\/{rel}","templated":true}]}}