{"id":12533,"date":"2026-09-02T08:03:07","date_gmt":"2026-09-02T07:03:07","guid":{"rendered":"https:\/\/paroisse-notredame-sannedolon.fr\/?p=12533"},"modified":"2026-09-02T08:03:07","modified_gmt":"2026-09-02T07:03:07","slug":"journee-st-ennemond-a-chambalud","status":"publish","type":"post","link":"https:\/\/paroisse-notredame-sannedolon.fr\/index.php\/2026\/09\/02\/journee-st-ennemond-a-chambalud\/","title":{"rendered":"Journ\u00e9e St Ennemond \u00e0 Chambalud"},"content":{"rendered":"\n<p class=\"wp-block-paragraph\">Le clocher de Chambalud vous invite \u00e0 vivre une journ\u00e9e festive le 26 septembre, o\u00f9 vous attendent des expositions, des visites&#8230;<\/p>\n\n\n\n<p class=\"wp-block-paragraph\">Journ\u00e9e plac\u00e9e sous le signe de la rencontre et qui se cl\u00f4turera par une messe \u00e0 l&rsquo;\u00e9glise.<\/p>\n\n\n\n<div style=\"height:16px\" aria-hidden=\"true\" class=\"wp-block-spacer\"><\/div>\n\n\n\n<div class=\"wp-block-group is-nowrap is-layout-flex wp-container-core-group-is-layout-8f761849 wp-block-group-is-layout-flex\">\n<figure class=\"wp-block-image size-full\"><img fetchpriority=\"high\" decoding=\"async\" width=\"539\" height=\"767\" data-attachment-id=\"12539\" data-permalink=\"https:\/\/paroisse-notredame-sannedolon.fr\/capture-decran-2026-09-02-085639-2\/\" data-orig-file=\"https:\/\/paroisse-notredame-sannedolon.fr\/mypress\/wp-content\/uploads\/2026\/09\/Capture-decran-2026-09-02-085639-edited.png\" data-orig-size=\"539,767\" data-comments-opened=\"1\" data-image-title=\"Capture d&amp;rsquo;\u00e9cran 2026-09-02 085639\" data-image-description=\"\" data-image-caption=\"\" data-large-file=\"https:\/\/paroisse-notredame-sannedolon.fr\/mypress\/wp-content\/uploads\/2026\/09\/Capture-decran-2026-09-02-085639-edited.png\" src=\"https:\/\/paroisse-notredame-sannedolon.fr\/mypress\/wp-content\/uploads\/2026\/09\/Capture-decran-2026-09-02-085639-edited.png\" alt=\"\" class=\"wp-image-12539\" srcset=\"https:\/\/paroisse-notredame-sannedolon.fr\/mypress\/wp-content\/uploads\/2026\/09\/Capture-decran-2026-09-02-085639-edited.png 539w, https:\/\/paroisse-notredame-sannedolon.fr\/mypress\/wp-content\/uploads\/2026\/09\/Capture-decran-2026-09-02-085639-edited-211x300.png 211w, https:\/\/paroisse-notredame-sannedolon.fr\/mypress\/wp-content\/uploads\/2026\/09\/Capture-decran-2026-09-02-085639-edited-105x150.png 105w\" sizes=\"(max-width: 539px) 100vw, 539px\" \/><\/figure>\n\n\n\n<figure class=\"wp-block-image size-full\"><img decoding=\"async\" width=\"549\" height=\"775\" data-attachment-id=\"12537\" data-permalink=\"https:\/\/paroisse-notredame-sannedolon.fr\/index.php\/2026\/09\/02\/journee-st-ennemond-a-chambalud\/capture-decran-2026-09-02-085758\/\" data-orig-file=\"https:\/\/paroisse-notredame-sannedolon.fr\/mypress\/wp-content\/uploads\/2026\/09\/Capture-decran-2026-09-02-085758.png\" data-orig-size=\"549,775\" data-comments-opened=\"1\" data-image-title=\"Capture d&amp;rsquo;\u00e9cran 2026-09-02 085758\" data-image-description=\"\" data-image-caption=\"\" data-large-file=\"https:\/\/paroisse-notredame-sannedolon.fr\/mypress\/wp-content\/uploads\/2026\/09\/Capture-decran-2026-09-02-085758.png\" src=\"https:\/\/paroisse-notredame-sannedolon.fr\/mypress\/wp-content\/uploads\/2026\/09\/Capture-decran-2026-09-02-085758.png\" alt=\"\" class=\"wp-image-12537\" srcset=\"https:\/\/paroisse-notredame-sannedolon.fr\/mypress\/wp-content\/uploads\/2026\/09\/Capture-decran-2026-09-02-085758.png 549w, https:\/\/paroisse-notredame-sannedolon.fr\/mypress\/wp-content\/uploads\/2026\/09\/Capture-decran-2026-09-02-085758-213x300.png 213w, https:\/\/paroisse-notredame-sannedolon.fr\/mypress\/wp-content\/uploads\/2026\/09\/Capture-decran-2026-09-02-085758-106x150.png 106w\" sizes=\"(max-width: 549px) 100vw, 549px\" \/><\/figure>\n<\/div>\n\n\n\n<figure class=\"wp-block-image size-large\"><img decoding=\"async\" width=\"1024\" height=\"654\" data-attachment-id=\"12538\" data-permalink=\"https:\/\/paroisse-notredame-sannedolon.fr\/index.php\/2026\/09\/02\/journee-st-ennemond-a-chambalud\/capture-decran-2026-09-02-085844\/\" data-orig-file=\"https:\/\/paroisse-notredame-sannedolon.fr\/mypress\/wp-content\/uploads\/2026\/09\/Capture-decran-2026-09-02-085844.png\" data-orig-size=\"1037,662\" data-comments-opened=\"1\" data-image-title=\"Capture d&amp;rsquo;\u00e9cran 2026-09-02 085844\" data-image-description=\"\" data-image-caption=\"\" data-large-file=\"https:\/\/paroisse-notredame-sannedolon.fr\/mypress\/wp-content\/uploads\/2026\/09\/Capture-decran-2026-09-02-085844-1024x654.png\" src=\"https:\/\/paroisse-notredame-sannedolon.fr\/mypress\/wp-content\/uploads\/2026\/09\/Capture-decran-2026-09-02-085844-1024x654.png\" alt=\"\" class=\"wp-image-12538\" srcset=\"https:\/\/paroisse-notredame-sannedolon.fr\/mypress\/wp-content\/uploads\/2026\/09\/Capture-decran-2026-09-02-085844-1024x654.png 1024w, https:\/\/paroisse-notredame-sannedolon.fr\/mypress\/wp-content\/uploads\/2026\/09\/Capture-decran-2026-09-02-085844-300x192.png 300w, https:\/\/paroisse-notredame-sannedolon.fr\/mypress\/wp-content\/uploads\/2026\/09\/Capture-decran-2026-09-02-085844-150x96.png 150w, https:\/\/paroisse-notredame-sannedolon.fr\/mypress\/wp-content\/uploads\/2026\/09\/Capture-decran-2026-09-02-085844-235x150.png 235w, https:\/\/paroisse-notredame-sannedolon.fr\/mypress\/wp-content\/uploads\/2026\/09\/Capture-decran-2026-09-02-085844.png 1037w\" sizes=\"(max-width: 1024px) 100vw, 1024px\" \/><\/figure>\n\n\n\n<p class=\"wp-block-paragraph\"><\/p>\n","protected":false},"excerpt":{"rendered":"<p>Le clocher de Chambalud vous invite \u00e0 vivre une journ\u00e9e festive le 26 septembre, o\u00f9 vous attendent des expositions, des visites&#8230; Journ\u00e9e plac\u00e9e sous le signe de la rencontre et qui se cl\u00f4turera par une messe \u00e0 l&rsquo;\u00e9glise.<\/p>\n","protected":false},"author":3,"featured_media":0,"comment_status":"open","ping_status":"open","sticky":false,"template":"","format":"standard","meta":{"_EventAllDay":false,"_EventTimezone":"","_EventStartDate":"","_EventEndDate":"","_EventStartDateUTC":"","_EventEndDateUTC":"","_EventShowMap":false,"_EventShowMapLink":false,"_EventURL":"","_EventCost":"","_EventCostDescription":"","_EventCurrencySymbol":"","_EventCurrencyCode":"","_EventCurrencyPosition":"","_EventDateTimeSeparator":"","_EventTimeRangeSeparator":"","_EventOrganizerID":[],"_EventVenueID":[],"_OrganizerEmail":"","_OrganizerPhone":"","_OrganizerWebsite":"","_VenueAddress":"","_VenueCity":"","_VenueCountry":"","_VenueProvince":"","_VenueState":"","_VenueZip":"","_VenuePhone":"","_VenueURL":"","_VenueStateProvince":"","_VenueLat":"","_VenueLng":"","_VenueShowMap":false,"_VenueShowMapLink":false,"_jetpack_newsletter_access":"","_jetpack_dont_email_post_to_subs":false,"_jetpack_newsletter_tier_id":0,"_jetpack_memberships_contains_paywalled_content":false,"_jetpack_feature_clip_id":0,"_jetpack_memberships_contains_paid_content":false,"footnotes":"","jetpack_publicize_message":"","jetpack_publicize_feature_enabled":true,"jetpack_social_post_already_shared":true,"jetpack_social_options":{"image_generator_settings":{"template":"highway","default_image_id":0,"font":"","enabled":false},"version":2},"jetpack_post_was_ever_published":false},"categories":[1],"tags":[],"class_list":["post-12533","post","type-post","status-publish","format-standard","hentry","category-non-classe"],"jetpack_publicize_connections":[],"jetpack_sharing_enabled":true,"jetpack_shortlink":"https:\/\/wp.me\/p7rrt2-3g9","jetpack_featured_media_url":"","_links":{"self":[{"href":"https:\/\/paroisse-notredame-sannedolon.fr\/index.php\/wp-json\/wp\/v2\/posts\/12533","targetHints":{"allow":["GET"]}}],"collection":[{"href":"https:\/\/paroisse-notredame-sannedolon.fr\/index.php\/wp-json\/wp\/v2\/posts"}],"about":[{"href":"https:\/\/paroisse-notredame-sannedolon.fr\/index.php\/wp-json\/wp\/v2\/types\/post"}],"author":[{"embeddable":true,"href":"https:\/\/paroisse-notredame-sannedolon.fr\/index.php\/wp-json\/wp\/v2\/users\/3"}],"replies":[{"embeddable":true,"href":"https:\/\/paroisse-notredame-sannedolon.fr\/index.php\/wp-json\/wp\/v2\/comments?post=12533"}],"version-history":[{"count":1,"href":"https:\/\/paroisse-notredame-sannedolon.fr\/index.php\/wp-json\/wp\/v2\/posts\/12533\/revisions"}],"predecessor-version":[{"id":12540,"href":"https:\/\/paroisse-notredame-sannedolon.fr\/index.php\/wp-json\/wp\/v2\/posts\/12533\/revisions\/12540"}],"wp:attachment":[{"href":"https:\/\/paroisse-notredame-sannedolon.fr\/index.php\/wp-json\/wp\/v2\/media?parent=12533"}],"wp:term":[{"taxonomy":"category","embeddable":true,"href":"https:\/\/paroisse-notredame-sannedolon.fr\/index.php\/wp-json\/wp\/v2\/categories?post=12533"},{"taxonomy":"post_tag","embeddable":true,"href":"https:\/\/paroisse-notredame-sannedolon.fr\/index.php\/wp-json\/wp\/v2\/tags?post=12533"}],"curies":[{"name":"wp","href":"https:\/\/api.w.org\/{rel}","templated":true}]}}