{"id":11082,"date":"2025-12-14T21:21:02","date_gmt":"2025-12-14T20:21:02","guid":{"rendered":"https:\/\/paroisse-notredame-sannedolon.fr\/?p=11082"},"modified":"2025-12-19T14:05:37","modified_gmt":"2025-12-19T13:05:37","slug":"11082","status":"publish","type":"post","link":"https:\/\/paroisse-notredame-sannedolon.fr\/index.php\/2025\/12\/14\/11082\/","title":{"rendered":"L\u2019\u00c9cho des \u00e9glises !"},"content":{"rendered":"\n<div class=\"wp-block-media-text has-media-on-the-right is-stacked-on-mobile\" style=\"grid-template-columns:auto 24%\"><div class=\"wp-block-media-text__content\">\n<p class=\"has-medium-font-size\">A l&rsquo;occasion de la f\u00eate de l&rsquo;immacul\u00e9e conception,l&rsquo;\u00e9glise de Boug\u00e9 a accueilli la chorale \u00ab\u00a0Phonie mania\u00a0\u00bb le dimanche 7 d\u00e9cembre. Comme l&rsquo;ann\u00e9e derni\u00e8re, le p\u00e8re Armand est venu accueillir le public venu nombreux. Ambiance chaleureuse autour de la cr\u00e8che et des illuminations.<\/p>\n<\/div><figure class=\"wp-block-media-text__media\"><img fetchpriority=\"high\" decoding=\"async\" width=\"791\" height=\"1024\" data-attachment-id=\"11083\" data-permalink=\"https:\/\/paroisse-notredame-sannedolon.fr\/index.php\/2025\/12\/14\/11082\/creche-bouge\/\" data-orig-file=\"https:\/\/paroisse-notredame-sannedolon.fr\/mypress\/wp-content\/uploads\/2025\/12\/creche-bouge-scaled-e1765743690550.jpg\" data-orig-size=\"926,1200\" data-comments-opened=\"1\" data-image-meta=\"{&quot;aperture&quot;:&quot;0&quot;,&quot;credit&quot;:&quot;&quot;,&quot;camera&quot;:&quot;&quot;,&quot;caption&quot;:&quot;&quot;,&quot;created_timestamp&quot;:&quot;0&quot;,&quot;copyright&quot;:&quot;&quot;,&quot;focal_length&quot;:&quot;0&quot;,&quot;iso&quot;:&quot;0&quot;,&quot;shutter_speed&quot;:&quot;0&quot;,&quot;title&quot;:&quot;&quot;,&quot;orientation&quot;:&quot;0&quot;}\" data-image-title=\"creche bouge\" data-image-description=\"\" data-image-caption=\"\" data-large-file=\"https:\/\/paroisse-notredame-sannedolon.fr\/mypress\/wp-content\/uploads\/2025\/12\/creche-bouge-791x1024.jpg\" src=\"https:\/\/paroisse-notredame-sannedolon.fr\/mypress\/wp-content\/uploads\/2025\/12\/creche-bouge-791x1024.jpg\" alt=\"\" class=\"wp-image-11083 size-full\"\/><\/figure><\/div>\n\n\n\n<div class=\"wp-block-media-text is-stacked-on-mobile\" style=\"grid-template-columns:19% auto\"><figure class=\"wp-block-media-text__media\"><img decoding=\"async\" width=\"577\" height=\"1024\" data-attachment-id=\"11088\" data-permalink=\"https:\/\/paroisse-notredame-sannedolon.fr\/index.php\/2025\/12\/14\/11082\/vierge-bouge-2\/\" data-orig-file=\"https:\/\/paroisse-notredame-sannedolon.fr\/mypress\/wp-content\/uploads\/2025\/12\/vierge-bouge-scaled-e1765743896820.jpg\" data-orig-size=\"675,1200\" data-comments-opened=\"1\" data-image-meta=\"{&quot;aperture&quot;:&quot;0&quot;,&quot;credit&quot;:&quot;&quot;,&quot;camera&quot;:&quot;&quot;,&quot;caption&quot;:&quot;&quot;,&quot;created_timestamp&quot;:&quot;0&quot;,&quot;copyright&quot;:&quot;&quot;,&quot;focal_length&quot;:&quot;0&quot;,&quot;iso&quot;:&quot;0&quot;,&quot;shutter_speed&quot;:&quot;0&quot;,&quot;title&quot;:&quot;&quot;,&quot;orientation&quot;:&quot;0&quot;}\" data-image-title=\"vierge bouge\" data-image-description=\"\" data-image-caption=\"\" data-large-file=\"https:\/\/paroisse-notredame-sannedolon.fr\/mypress\/wp-content\/uploads\/2025\/12\/vierge-bouge-577x1024.jpg\" src=\"https:\/\/paroisse-notredame-sannedolon.fr\/mypress\/wp-content\/uploads\/2025\/12\/vierge-bouge-577x1024.jpg\" alt=\"\" class=\"wp-image-11088 size-full\"\/><\/figure><div class=\"wp-block-media-text__content\">\n<p class=\"has-medium-font-size\">L&rsquo;\u00e9glise de Boug\u00e9 \u00e9tant celle de \u00ab\u00a0Notre dame de l&rsquo;assomption\u00a0\u00bb,la messe du 8 d\u00e9cembre a \u00e9t\u00e9 c\u00e9l\u00e9br\u00e9e lundi par le P\u00e8re Aim\u00e9 et Thierry,notre diacre.Agn\u00e8s et B\u00e9atrice ont anim\u00e9 la c\u00e9r\u00e9monie.<\/p>\n<\/div><\/div>\n\n\n\n<p class=\"has-medium-font-size\">Nous vous donnons rendez-vous l&rsquo;ann\u00e9e prochaine pour renouveler ces moments de joie et de lumi\u00e8re sous la protection de la Vierge Marie.\u00a0<br><br><\/p>\n","protected":false},"excerpt":{"rendered":"<p>A l&rsquo;occasion de la f\u00eate de l&rsquo;immacul\u00e9e conception,l&rsquo;\u00e9glise de Boug\u00e9 a accueilli la chorale \u00ab\u00a0Phonie mania\u00a0\u00bb le dimanche 7 d\u00e9cembre. Comme l&rsquo;ann\u00e9e derni\u00e8re, le p\u00e8re Armand est venu accueillir le public venu nombreux. Ambiance chaleureuse autour de la cr\u00e8che et des illuminations. L&rsquo;\u00e9glise de Boug\u00e9 \u00e9tant celle de \u00ab\u00a0Notre dame \u2026 <a class=\"continue-reading-link\" href=\"https:\/\/paroisse-notredame-sannedolon.fr\/index.php\/2025\/12\/14\/11082\/\">Lire la suite <span class=\"meta-nav\">&rarr; <\/span><\/a><\/p>\n","protected":false},"author":1,"featured_media":0,"comment_status":"open","ping_status":"open","sticky":false,"template":"","format":"standard","meta":{"jetpack_post_was_ever_published":false,"_jetpack_newsletter_access":"","_jetpack_dont_email_post_to_subs":false,"_jetpack_newsletter_tier_id":0,"_jetpack_memberships_contains_paywalled_content":false,"_jetpack_memberships_contains_paid_content":false,"footnotes":"","jetpack_publicize_message":"","jetpack_publicize_feature_enabled":true,"jetpack_social_post_already_shared":true,"jetpack_social_options":{"image_generator_settings":{"template":"highway","default_image_id":0,"font":"","enabled":false},"version":2}},"categories":[11],"tags":[],"class_list":["post-11082","post","type-post","status-publish","format-standard","hentry","category-clochers"],"jetpack_publicize_connections":[],"jetpack_featured_media_url":"","jetpack_sharing_enabled":true,"jetpack_shortlink":"https:\/\/wp.me\/s7rrt2-11082","_links":{"self":[{"href":"https:\/\/paroisse-notredame-sannedolon.fr\/index.php\/wp-json\/wp\/v2\/posts\/11082","targetHints":{"allow":["GET"]}}],"collection":[{"href":"https:\/\/paroisse-notredame-sannedolon.fr\/index.php\/wp-json\/wp\/v2\/posts"}],"about":[{"href":"https:\/\/paroisse-notredame-sannedolon.fr\/index.php\/wp-json\/wp\/v2\/types\/post"}],"author":[{"embeddable":true,"href":"https:\/\/paroisse-notredame-sannedolon.fr\/index.php\/wp-json\/wp\/v2\/users\/1"}],"replies":[{"embeddable":true,"href":"https:\/\/paroisse-notredame-sannedolon.fr\/index.php\/wp-json\/wp\/v2\/comments?post=11082"}],"version-history":[{"count":8,"href":"https:\/\/paroisse-notredame-sannedolon.fr\/index.php\/wp-json\/wp\/v2\/posts\/11082\/revisions"}],"predecessor-version":[{"id":11094,"href":"https:\/\/paroisse-notredame-sannedolon.fr\/index.php\/wp-json\/wp\/v2\/posts\/11082\/revisions\/11094"}],"wp:attachment":[{"href":"https:\/\/paroisse-notredame-sannedolon.fr\/index.php\/wp-json\/wp\/v2\/media?parent=11082"}],"wp:term":[{"taxonomy":"category","embeddable":true,"href":"https:\/\/paroisse-notredame-sannedolon.fr\/index.php\/wp-json\/wp\/v2\/categories?post=11082"},{"taxonomy":"post_tag","embeddable":true,"href":"https:\/\/paroisse-notredame-sannedolon.fr\/index.php\/wp-json\/wp\/v2\/tags?post=11082"}],"curies":[{"name":"wp","href":"https:\/\/api.w.org\/{rel}","templated":true}]}}