{"id":10337,"date":"2025-07-23T09:34:11","date_gmt":"2025-07-23T08:34:11","guid":{"rendered":"https:\/\/paroisse-notredame-sannedolon.fr\/?p=10337"},"modified":"2025-07-23T09:36:16","modified_gmt":"2025-07-23T08:36:16","slug":"10337","status":"publish","type":"post","link":"https:\/\/paroisse-notredame-sannedolon.fr\/index.php\/2025\/07\/23\/10337\/","title":{"rendered":"P\u00e8lerinage \u00e0 Lourdes"},"content":{"rendered":"\n<p>Cette ann\u00e9e, ils seront 570 p\u00e8lerins r\u00e9partis dans 12 voitures avec 3 points de d\u00e9part : Grenoble, Nivolas-Vermelle et Vienne,<br>\u00e0 partir du dimanche matin 20 juillet.<br>Les p\u00e8lerins du dioc\u00e8se seront le mardi 22 juillet \u00e0 la messe de 10 heures \u00e0 la Grotte, la messe est retransmise en direct sur KTO et ils participeront au chapelet \u00e0 15h30 \u00e0 la Grotte, le chapelet sera \u00e9galement retransmis sur KTO.<\/p>\n\n\n\n<figure class=\"wp-block-image size-full\"><img fetchpriority=\"high\" decoding=\"async\" width=\"533\" height=\"300\" data-attachment-id=\"10341\" data-permalink=\"https:\/\/paroisse-notredame-sannedolon.fr\/index.php\/2025\/07\/23\/10337\/6fa532c3a6e9b173d0fca1ec9f090ae9\/\" data-orig-file=\"https:\/\/paroisse-notredame-sannedolon.fr\/mypress\/wp-content\/uploads\/2025\/07\/6fa532c3a6e9b173d0fca1ec9f090ae9.jpg\" data-orig-size=\"533,300\" data-comments-opened=\"1\" data-image-meta=\"{&quot;aperture&quot;:&quot;0&quot;,&quot;credit&quot;:&quot;&quot;,&quot;camera&quot;:&quot;&quot;,&quot;caption&quot;:&quot;&quot;,&quot;created_timestamp&quot;:&quot;0&quot;,&quot;copyright&quot;:&quot;&quot;,&quot;focal_length&quot;:&quot;0&quot;,&quot;iso&quot;:&quot;0&quot;,&quot;shutter_speed&quot;:&quot;0&quot;,&quot;title&quot;:&quot;&quot;,&quot;orientation&quot;:&quot;0&quot;}\" data-image-title=\"Vierge Lourdes\" data-image-description=\"\" data-image-caption=\"\" data-large-file=\"https:\/\/paroisse-notredame-sannedolon.fr\/mypress\/wp-content\/uploads\/2025\/07\/6fa532c3a6e9b173d0fca1ec9f090ae9.jpg\" src=\"https:\/\/paroisse-notredame-sannedolon.fr\/mypress\/wp-content\/uploads\/2025\/07\/6fa532c3a6e9b173d0fca1ec9f090ae9.jpg\" alt=\"\" class=\"wp-image-10341\" srcset=\"https:\/\/paroisse-notredame-sannedolon.fr\/mypress\/wp-content\/uploads\/2025\/07\/6fa532c3a6e9b173d0fca1ec9f090ae9.jpg 533w, https:\/\/paroisse-notredame-sannedolon.fr\/mypress\/wp-content\/uploads\/2025\/07\/6fa532c3a6e9b173d0fca1ec9f090ae9-300x169.jpg 300w, https:\/\/paroisse-notredame-sannedolon.fr\/mypress\/wp-content\/uploads\/2025\/07\/6fa532c3a6e9b173d0fca1ec9f090ae9-150x84.jpg 150w, https:\/\/paroisse-notredame-sannedolon.fr\/mypress\/wp-content\/uploads\/2025\/07\/6fa532c3a6e9b173d0fca1ec9f090ae9-250x141.jpg 250w\" sizes=\"(max-width: 533px) 100vw, 533px\" \/><\/figure>\n\n\n\n<p>Si vous n&rsquo;\u00eates pas abonn\u00e9 \u00e0 KTO, vous pouvez vous connecter au site de KTO avec votre ordinateur. Faites un essai avant mardi. <a href=\"https:\/\/www.ktotv.com\/guide\/\" target=\"_blank\" rel=\"noreferrer noopener\">https:\/\/www.ktotv.com\/guide\/<\/a><\/p>\n\n\n\n<p><\/p>\n","protected":false},"excerpt":{"rendered":"<p>Cette ann\u00e9e, ils seront 570 p\u00e8lerins r\u00e9partis dans 12 voitures avec 3 points de d\u00e9part : Grenoble, Nivolas-Vermelle et Vienne,\u00e0 partir du dimanche matin 20 juillet.Les p\u00e8lerins du dioc\u00e8se seront le mardi 22 juillet \u00e0 la messe de 10 heures \u00e0 la Grotte, la messe est retransmise en direct sur \u2026 <a class=\"continue-reading-link\" href=\"https:\/\/paroisse-notredame-sannedolon.fr\/index.php\/2025\/07\/23\/10337\/\">Lire la suite <span class=\"meta-nav\">&rarr; <\/span><\/a><\/p>\n","protected":false},"author":1,"featured_media":0,"comment_status":"open","ping_status":"open","sticky":false,"template":"","format":"standard","meta":{"jetpack_post_was_ever_published":false,"_jetpack_newsletter_access":"","_jetpack_dont_email_post_to_subs":false,"_jetpack_newsletter_tier_id":0,"_jetpack_memberships_contains_paywalled_content":false,"_jetpack_memberships_contains_paid_content":false,"footnotes":"","jetpack_publicize_message":"","jetpack_publicize_feature_enabled":true,"jetpack_social_post_already_shared":true,"jetpack_social_options":{"image_generator_settings":{"template":"highway","default_image_id":0,"font":"","enabled":false},"version":2}},"categories":[1],"tags":[],"class_list":["post-10337","post","type-post","status-publish","format-standard","hentry","category-non-classe"],"jetpack_publicize_connections":[],"jetpack_featured_media_url":"","jetpack_sharing_enabled":true,"jetpack_shortlink":"https:\/\/wp.me\/s7rrt2-10337","_links":{"self":[{"href":"https:\/\/paroisse-notredame-sannedolon.fr\/index.php\/wp-json\/wp\/v2\/posts\/10337","targetHints":{"allow":["GET"]}}],"collection":[{"href":"https:\/\/paroisse-notredame-sannedolon.fr\/index.php\/wp-json\/wp\/v2\/posts"}],"about":[{"href":"https:\/\/paroisse-notredame-sannedolon.fr\/index.php\/wp-json\/wp\/v2\/types\/post"}],"author":[{"embeddable":true,"href":"https:\/\/paroisse-notredame-sannedolon.fr\/index.php\/wp-json\/wp\/v2\/users\/1"}],"replies":[{"embeddable":true,"href":"https:\/\/paroisse-notredame-sannedolon.fr\/index.php\/wp-json\/wp\/v2\/comments?post=10337"}],"version-history":[{"count":3,"href":"https:\/\/paroisse-notredame-sannedolon.fr\/index.php\/wp-json\/wp\/v2\/posts\/10337\/revisions"}],"predecessor-version":[{"id":10342,"href":"https:\/\/paroisse-notredame-sannedolon.fr\/index.php\/wp-json\/wp\/v2\/posts\/10337\/revisions\/10342"}],"wp:attachment":[{"href":"https:\/\/paroisse-notredame-sannedolon.fr\/index.php\/wp-json\/wp\/v2\/media?parent=10337"}],"wp:term":[{"taxonomy":"category","embeddable":true,"href":"https:\/\/paroisse-notredame-sannedolon.fr\/index.php\/wp-json\/wp\/v2\/categories?post=10337"},{"taxonomy":"post_tag","embeddable":true,"href":"https:\/\/paroisse-notredame-sannedolon.fr\/index.php\/wp-json\/wp\/v2\/tags?post=10337"}],"curies":[{"name":"wp","href":"https:\/\/api.w.org\/{rel}","templated":true}]}}