{"id":10144,"date":"2025-05-09T10:21:09","date_gmt":"2025-05-09T09:21:09","guid":{"rendered":"https:\/\/paroisse-notredame-sannedolon.fr\/?p=10144"},"modified":"2025-05-09T13:09:26","modified_gmt":"2025-05-09T12:09:26","slug":"compte-rendu-de-la-rencontre-des-equipes-paroissiales-elargies","status":"publish","type":"post","link":"https:\/\/paroisse-notredame-sannedolon.fr\/index.php\/2025\/05\/09\/compte-rendu-de-la-rencontre-des-equipes-paroissiales-elargies\/","title":{"rendered":"Compte Rendu de la rencontre des \u00e9quipes paroissiales \u00e9largies"},"content":{"rendered":"\n<p><strong>Salle des Cit\u00e9s le 7 mai 2025 \u00e0 16h<\/strong><br><em>A l\u2019invitation du P\u00e8re Armand, cur\u00e9, ont r\u00e9pondu 29 paroissiens (15 de Notre Dame, 14 de St Pierre). Etaient pr\u00e9sents \u00e9galement les P\u00e8res Aim\u00e9 et Paul ainsi que Thierry, diacre.<\/em><\/p>\n\n\n\n<p><\/p>\n\n\n\n<div class=\"wp-block-media-text is-stacked-on-mobile\" style=\"grid-template-columns:45% auto\"><figure class=\"wp-block-media-text__media\"><img fetchpriority=\"high\" decoding=\"async\" width=\"1024\" height=\"577\" data-attachment-id=\"10141\" data-permalink=\"https:\/\/paroisse-notredame-sannedolon.fr\/dsc04990\/\" data-orig-file=\"https:\/\/paroisse-notredame-sannedolon.fr\/mypress\/wp-content\/uploads\/2025\/05\/DSC04990-scaled-e1746782490658.jpg\" data-orig-size=\"1200,676\" data-comments-opened=\"1\" data-image-meta=\"{&quot;aperture&quot;:&quot;5.6&quot;,&quot;credit&quot;:&quot;&quot;,&quot;camera&quot;:&quot;DSC-HX400V&quot;,&quot;caption&quot;:&quot;&quot;,&quot;created_timestamp&quot;:&quot;1746631506&quot;,&quot;copyright&quot;:&quot;&quot;,&quot;focal_length&quot;:&quot;71.26&quot;,&quot;iso&quot;:&quot;800&quot;,&quot;shutter_speed&quot;:&quot;0.02&quot;,&quot;title&quot;:&quot;&quot;,&quot;orientation&quot;:&quot;1&quot;}\" data-image-title=\"P\u00e8re Armand\" data-image-description=\"\" data-image-caption=\"\" data-large-file=\"https:\/\/paroisse-notredame-sannedolon.fr\/mypress\/wp-content\/uploads\/2025\/05\/DSC04990-1024x577.jpg\" src=\"https:\/\/paroisse-notredame-sannedolon.fr\/mypress\/wp-content\/uploads\/2025\/05\/DSC04990-1024x577.jpg\" alt=\"\" class=\"wp-image-10141 size-full\"\/><\/figure><div class=\"wp-block-media-text__content\">\n<p class=\"has-medium-font-size\">Apr\u00e8s un temps de pri\u00e8re en union avec les cardinaux r\u00e9unis en conclave, le P\u00e8re Armand a d\u00e9velopp\u00e9 le sujet principal du jour&nbsp;: les travaux sur les maisons paroissiales d\u2019Anjou et des Cit\u00e9s, ces deux maisons devant \u00eatre r\u00e9nov\u00e9es pour r\u00e9pondre aux besoins de la mission. Puis chacun a pu prendre la parole.<\/p>\n<\/div><\/div>\n\n\n\n<div class=\"wp-block-media-text has-media-on-the-right is-stacked-on-mobile is-vertically-aligned-center\" style=\"grid-template-columns:auto 28%\"><div class=\"wp-block-media-text__content\">\n<p class=\"has-medium-font-size\"><strong>La maison paroissiale d\u2019Anjou<\/strong> est une maison de proximit\u00e9 pour Notre Dame des Sources. L\u2019\u00e9tage de cette maison ne pouvant plus \u00eatre utilis\u00e9e que par des bureaux, l\u2019essentiel des travaux se r\u00e9sume en la transformation du Rez de chauss\u00e9e pour disposer d\u2019une grande salle de 60 m\u00b2 avec une cloison amovible pour faire travailler deux groupes simultan\u00e9ment.<br>A noter que cette maison appartient \u00e0 la commune d\u2019Anjou&nbsp;; un bail emphyt\u00e9otique avait \u00e9t\u00e9 sign\u00e9&nbsp;pour 99 ans : il reste 71 ans \u00e0 courir.<\/p>\n<\/div><figure class=\"wp-block-media-text__media\"><img decoding=\"async\" width=\"1024\" height=\"577\" data-attachment-id=\"10151\" data-permalink=\"https:\/\/paroisse-notredame-sannedolon.fr\/dsc04993\/\" data-orig-file=\"https:\/\/paroisse-notredame-sannedolon.fr\/mypress\/wp-content\/uploads\/2025\/05\/DSC04993-scaled-e1746791477318.jpg\" data-orig-size=\"1200,676\" data-comments-opened=\"1\" data-image-meta=\"{&quot;aperture&quot;:&quot;3.2&quot;,&quot;credit&quot;:&quot;&quot;,&quot;camera&quot;:&quot;DSC-HX400V&quot;,&quot;caption&quot;:&quot;&quot;,&quot;created_timestamp&quot;:&quot;1746641850&quot;,&quot;copyright&quot;:&quot;&quot;,&quot;focal_length&quot;:&quot;4.3&quot;,&quot;iso&quot;:&quot;80&quot;,&quot;shutter_speed&quot;:&quot;0.02&quot;,&quot;title&quot;:&quot;&quot;,&quot;orientation&quot;:&quot;1&quot;}\" data-image-title=\"maison paroissiale ANjou\" data-image-description=\"\" data-image-caption=\"\" data-large-file=\"https:\/\/paroisse-notredame-sannedolon.fr\/mypress\/wp-content\/uploads\/2025\/05\/DSC04993-1024x577.jpg\" src=\"https:\/\/paroisse-notredame-sannedolon.fr\/mypress\/wp-content\/uploads\/2025\/05\/DSC04993-1024x577.jpg\" alt=\"\" class=\"wp-image-10151 size-full\"\/><\/figure><\/div>\n\n\n\n<p class=\"has-medium-font-size\"><strong>La maison des s\u0153urs des Cit\u00e9s<\/strong> va \u00eatre transform\u00e9e pour devenir la maison paroissiale de Saint Pierre (la location du P\u00e9age sera abandonn\u00e9e) mais servira aussi de centre paroissial (accueil des activit\u00e9s communes aux deux paroisses). Les travaux y seront donc beaucoup plus lourds, mais tout le t\u00e8nement des Cit\u00e9s est ici propri\u00e9t\u00e9 de l\u2019\u00c9glise.<br>Les travaux consistent \u00e0 accueillir en R+1 (Rez de chauss\u00e9e + 1<sup>er<\/sup> \u00e9tage) un espace accueil, des salles de travail et de r\u00e9union, ainsi qu\u2019un logement pour un pr\u00eatre. Pendant les travaux, le P\u00e8re Aim\u00e9 logera \u00e0 l\u2019\u00e9tage de la maison du cur\u00e9, avec un am\u00e9nagement pour le rendre correctement habitable.<\/p>\n\n\n\n<p class=\"has-medium-font-size\"><br>Apr\u00e8s le temps des remarques, des questions et des r\u00e9ponses, le P\u00e8re Armand a \u00e9voqu\u00e9 deux autres sujets\u00a0:<br><strong>Les ressources financi\u00e8res<\/strong><br>\u00e0 savoir\u00a0: le denier de l\u2019\u00c9glise (pour le salaire des pr\u00eatres et des la\u00efcs salari\u00e9s du dioc\u00e8se), le casuel (pour la mission) et les qu\u00eates (pour les d\u00e9penses ordinaires), ne sont pas un sujet annexe. Chacun doit \u00eatre concern\u00e9 par l\u2019importance des moyens financiers indispensables \u00e0 l\u2019\u00c9glise afin que l\u2019\u00e9vangile soit annonc\u00e9.<br>En 2026, il n\u2019y aura plus que deux pr\u00eatres (et un diacre) pour le service des deux paroisses. <strong>Le calendrier des messes<\/strong> sera revu d\u00e8s septembre lors d\u2019une rencontre g\u00e9n\u00e9rale. Il ne s\u2019agit pas de \u00ab\u00a0vouloir sa messe\u00a0\u00bb dans son clocher, mais d\u2019adapter les c\u00e9l\u00e9brations aux r\u00e9alit\u00e9s pastorales sans oublier les r\u00e9alit\u00e9s sociales du terrain que l\u2019\u00c9glise doit rejoindre.<\/p>\n\n\n\n<p class=\"has-medium-font-size\">Les 3 messes fixes doivent \u00eatre renforc\u00e9es. Une r\u00e9flexion doit s\u2019engager sur l\u2019agglom\u00e9ration pour articuler les messes des Cit\u00e9s et du P\u00e9age. Mais avec deux pr\u00eatres, il y aura forc\u00e9ment des renoncements.<br>R\u00e9dig\u00e9 par Thierry<\/p>\n","protected":false},"excerpt":{"rendered":"<p>Salle des Cit\u00e9s le 7 mai 2025 \u00e0 16hA l\u2019invitation du P\u00e8re Armand, cur\u00e9, ont r\u00e9pondu 29 paroissiens (15 de Notre Dame, 14 de St Pierre). Etaient pr\u00e9sents \u00e9galement les P\u00e8res Aim\u00e9 et Paul ainsi que Thierry, diacre. Apr\u00e8s un temps de pri\u00e8re en union avec les cardinaux r\u00e9unis en \u2026 <a class=\"continue-reading-link\" href=\"https:\/\/paroisse-notredame-sannedolon.fr\/index.php\/2025\/05\/09\/compte-rendu-de-la-rencontre-des-equipes-paroissiales-elargies\/\">Lire la suite <span class=\"meta-nav\">&rarr; <\/span><\/a><\/p>\n","protected":false},"author":1,"featured_media":0,"comment_status":"open","ping_status":"open","sticky":false,"template":"","format":"standard","meta":{"jetpack_post_was_ever_published":false,"_jetpack_newsletter_access":"","_jetpack_dont_email_post_to_subs":false,"_jetpack_newsletter_tier_id":0,"_jetpack_memberships_contains_paywalled_content":false,"_jetpack_memberships_contains_paid_content":false,"footnotes":"","jetpack_publicize_message":"","jetpack_publicize_feature_enabled":true,"jetpack_social_post_already_shared":true,"jetpack_social_options":{"image_generator_settings":{"template":"highway","default_image_id":0,"font":"","enabled":false},"version":2}},"categories":[1],"tags":[],"class_list":["post-10144","post","type-post","status-publish","format-standard","hentry","category-non-classe"],"jetpack_publicize_connections":[],"jetpack_featured_media_url":"","jetpack_sharing_enabled":true,"jetpack_shortlink":"https:\/\/wp.me\/p7rrt2-2DC","_links":{"self":[{"href":"https:\/\/paroisse-notredame-sannedolon.fr\/index.php\/wp-json\/wp\/v2\/posts\/10144","targetHints":{"allow":["GET"]}}],"collection":[{"href":"https:\/\/paroisse-notredame-sannedolon.fr\/index.php\/wp-json\/wp\/v2\/posts"}],"about":[{"href":"https:\/\/paroisse-notredame-sannedolon.fr\/index.php\/wp-json\/wp\/v2\/types\/post"}],"author":[{"embeddable":true,"href":"https:\/\/paroisse-notredame-sannedolon.fr\/index.php\/wp-json\/wp\/v2\/users\/1"}],"replies":[{"embeddable":true,"href":"https:\/\/paroisse-notredame-sannedolon.fr\/index.php\/wp-json\/wp\/v2\/comments?post=10144"}],"version-history":[{"count":10,"href":"https:\/\/paroisse-notredame-sannedolon.fr\/index.php\/wp-json\/wp\/v2\/posts\/10144\/revisions"}],"predecessor-version":[{"id":10157,"href":"https:\/\/paroisse-notredame-sannedolon.fr\/index.php\/wp-json\/wp\/v2\/posts\/10144\/revisions\/10157"}],"wp:attachment":[{"href":"https:\/\/paroisse-notredame-sannedolon.fr\/index.php\/wp-json\/wp\/v2\/media?parent=10144"}],"wp:term":[{"taxonomy":"category","embeddable":true,"href":"https:\/\/paroisse-notredame-sannedolon.fr\/index.php\/wp-json\/wp\/v2\/categories?post=10144"},{"taxonomy":"post_tag","embeddable":true,"href":"https:\/\/paroisse-notredame-sannedolon.fr\/index.php\/wp-json\/wp\/v2\/tags?post=10144"}],"curies":[{"name":"wp","href":"https:\/\/api.w.org\/{rel}","templated":true}]}}